{"id":8,"date":"2006-10-25T13:48:38","date_gmt":"2006-10-25T11:48:38","guid":{"rendered":"http:\/\/mehr-sein-als-scheinen.de\/?p=8"},"modified":"2006-10-27T14:38:44","modified_gmt":"2006-10-27T12:38:44","slug":"es-war-einmal","status":"publish","type":"post","link":"https:\/\/mehr-sein-als-scheinen.de\/?p=8","title":{"rendered":"Die virtuelle FvSt"},"content":{"rendered":"<p>Es war einmal in grauer Vorzeit, als das L\u00fcgen noch geholfen hat, wo Sch\u00fcler noch Sch\u00fcler waren, Lehrer noch Lehrer und Stickst\u00fcten noch Stickst\u00fcten.<\/p>\n<p>Es gab noch kein Internet, und die Erde war w\u00fcst und leer.<\/p>\n<p>Allerdings gab es noch eine kleine, feine Lehranstalt, die sich im Bochumer Norden befand und durch deren Tore gar viele kleine und gro\u00dfe Sch\u00fcler und Lehrer ein- und ausgingen.<\/p>\n<p>Der letzte Durchgang erfolgte bekanntlich im Jahre 1990, rechtzeitig zum 125j\u00e4hrigen Bestehen unserer Anstalt.<\/p>\n<p>Keine 16 Jahre sp\u00e4ter, also noch mit gen\u00fcgend Vorlauf zum 150j\u00e4hrigen Jubil\u00e4um, steht nun diese Internetpr\u00e4senz im Netz.<\/p>\n<p>Gedacht ist sie als Sammelbecken und Austauschforum f\u00fcr alle, die sich \"ehemalig\" nennen. Hier k\u00f6nnen Treffen geplant, Neuigkeiten gepostet und Themen diskutiert werden; oder man schaut einfach mal nach, wo sich das Lumpenpack, mit dem man damals die meiste (Frei-)Zeit verbrachte, jetzt rumtreibt.<\/p>\n<p>Also, registrieren und losblubbern ... \u00e4h ... bloggen. Viel Spatz!<\/p>\n","protected":false},"excerpt":{"rendered":"<p>Es war einmal in grauer Vorzeit, als das L\u00fcgen noch geholfen hat, wo Sch\u00fcler noch Sch\u00fcler waren, Lehrer noch Lehrer und Stickst\u00fcten noch Stickst\u00fcten. Es gab noch kein Internet, und die Erde war w\u00fcst und leer. Allerdings gab es noch eine kleine, feine Lehranstalt, die sich im Bochumer Norden befand und durch deren Tore gar <a class=\"read-more\" href=\"https:\/\/mehr-sein-als-scheinen.de\/?p=8\">... weiterlesen <span class=\"meta-nav\">&rarr;<\/span><\/a><\/p>\n","protected":false},"author":3,"featured_media":0,"comment_status":"open","ping_status":"open","sticky":false,"template":"","format":"standard","meta":{"footnotes":""},"categories":[1],"tags":[],"class_list":["post-8","post","type-post","status-publish","format-standard","hentry","category-allgemein"],"yoast_head":"<!-- This site is optimized with the Yoast SEO plugin v27.5 - https:\/\/yoast.com\/product\/yoast-seo-wordpress\/ -->\n<title>Die virtuelle FvSt - Freiherr-vom-Stein-Schule Bochum<\/title>\n<meta name=\"robots\" content=\"index, follow, max-snippet:-1, max-image-preview:large, max-video-preview:-1\" \/>\n<link rel=\"canonical\" href=\"https:\/\/mehr-sein-als-scheinen.de\/?p=8\" \/>\n<meta property=\"og:locale\" content=\"de_DE\" \/>\n<meta property=\"og:type\" content=\"article\" \/>\n<meta property=\"og:title\" content=\"Die virtuelle FvSt - Freiherr-vom-Stein-Schule Bochum\" \/>\n<meta property=\"og:description\" content=\"Es war einmal in grauer Vorzeit, als das L\u00fcgen noch geholfen hat, wo Sch\u00fcler noch Sch\u00fcler waren, Lehrer noch Lehrer und Stickst\u00fcten noch Stickst\u00fcten. Es gab noch kein Internet, und die Erde war w\u00fcst und leer. Allerdings gab es noch eine kleine, feine Lehranstalt, die sich im Bochumer Norden befand und durch deren Tore gar ... weiterlesen &rarr;\" \/>\n<meta property=\"og:url\" content=\"https:\/\/mehr-sein-als-scheinen.de\/?p=8\" \/>\n<meta property=\"og:site_name\" content=\"Freiherr-vom-Stein-Schule Bochum\" \/>\n<meta property=\"article:published_time\" content=\"2006-10-25T11:48:38+00:00\" \/>\n<meta property=\"article:modified_time\" content=\"2006-10-27T12:38:44+00:00\" \/>\n<meta name=\"author\" content=\"MacStrass\" \/>\n<meta name=\"twitter:card\" content=\"summary_large_image\" \/>\n<meta name=\"twitter:label1\" content=\"Verfasst von\" \/>\n\t<meta name=\"twitter:data1\" content=\"MacStrass\" \/>\n\t<meta name=\"twitter:label2\" content=\"Gesch\u00e4tzte Lesezeit\" \/>\n\t<meta name=\"twitter:data2\" content=\"1\u00a0Minute\" \/>\n<script type=\"application\/ld+json\" class=\"yoast-schema-graph\">{\"@context\":\"https:\\\/\\\/schema.org\",\"@graph\":[{\"@type\":\"Article\",\"@id\":\"https:\\\/\\\/mehr-sein-als-scheinen.de\\\/?p=8#article\",\"isPartOf\":{\"@id\":\"https:\\\/\\\/mehr-sein-als-scheinen.de\\\/?p=8\"},\"author\":{\"name\":\"MacStrass\",\"@id\":\"https:\\\/\\\/mehr-sein-als-scheinen.de\\\/#\\\/schema\\\/person\\\/69fbbc7ee024b7fe58779067fd3992ba\"},\"headline\":\"Die virtuelle FvSt\",\"datePublished\":\"2006-10-25T11:48:38+00:00\",\"dateModified\":\"2006-10-27T12:38:44+00:00\",\"mainEntityOfPage\":{\"@id\":\"https:\\\/\\\/mehr-sein-als-scheinen.de\\\/?p=8\"},\"wordCount\":166,\"commentCount\":2,\"publisher\":{\"@id\":\"https:\\\/\\\/mehr-sein-als-scheinen.de\\\/#organization\"},\"inLanguage\":\"de\",\"potentialAction\":[{\"@type\":\"CommentAction\",\"name\":\"Comment\",\"target\":[\"https:\\\/\\\/mehr-sein-als-scheinen.de\\\/?p=8#respond\"]}]},{\"@type\":\"WebPage\",\"@id\":\"https:\\\/\\\/mehr-sein-als-scheinen.de\\\/?p=8\",\"url\":\"https:\\\/\\\/mehr-sein-als-scheinen.de\\\/?p=8\",\"name\":\"Die virtuelle FvSt - Freiherr-vom-Stein-Schule Bochum\",\"isPartOf\":{\"@id\":\"https:\\\/\\\/mehr-sein-als-scheinen.de\\\/#website\"},\"datePublished\":\"2006-10-25T11:48:38+00:00\",\"dateModified\":\"2006-10-27T12:38:44+00:00\",\"breadcrumb\":{\"@id\":\"https:\\\/\\\/mehr-sein-als-scheinen.de\\\/?p=8#breadcrumb\"},\"inLanguage\":\"de\",\"potentialAction\":[{\"@type\":\"ReadAction\",\"target\":[\"https:\\\/\\\/mehr-sein-als-scheinen.de\\\/?p=8\"]}]},{\"@type\":\"BreadcrumbList\",\"@id\":\"https:\\\/\\\/mehr-sein-als-scheinen.de\\\/?p=8#breadcrumb\",\"itemListElement\":[{\"@type\":\"ListItem\",\"position\":1,\"name\":\"Start\",\"item\":\"https:\\\/\\\/mehr-sein-als-scheinen.de\\\/\"},{\"@type\":\"ListItem\",\"position\":2,\"name\":\"Die virtuelle FvSt\"}]},{\"@type\":\"WebSite\",\"@id\":\"https:\\\/\\\/mehr-sein-als-scheinen.de\\\/#website\",\"url\":\"https:\\\/\\\/mehr-sein-als-scheinen.de\\\/\",\"name\":\"Freiherr-vom-Stein-Schule Bochum\",\"description\":\"Treffpunkt f\u00fcr alle Ehemaligen\",\"publisher\":{\"@id\":\"https:\\\/\\\/mehr-sein-als-scheinen.de\\\/#organization\"},\"potentialAction\":[{\"@type\":\"SearchAction\",\"target\":{\"@type\":\"EntryPoint\",\"urlTemplate\":\"https:\\\/\\\/mehr-sein-als-scheinen.de\\\/?s={search_term_string}\"},\"query-input\":{\"@type\":\"PropertyValueSpecification\",\"valueRequired\":true,\"valueName\":\"search_term_string\"}}],\"inLanguage\":\"de\"},{\"@type\":\"Organization\",\"@id\":\"https:\\\/\\\/mehr-sein-als-scheinen.de\\\/#organization\",\"name\":\"Freiherr-vom-Stein-Schule Bochum\",\"url\":\"https:\\\/\\\/mehr-sein-als-scheinen.de\\\/\",\"logo\":{\"@type\":\"ImageObject\",\"inLanguage\":\"de\",\"@id\":\"https:\\\/\\\/mehr-sein-als-scheinen.de\\\/#\\\/schema\\\/logo\\\/image\\\/\",\"url\":\"https:\\\/\\\/mehr-sein-als-scheinen.de\\\/wp-content\\\/uploads\\\/2016\\\/09\\\/cropped-logo_fvs_575.png\",\"contentUrl\":\"https:\\\/\\\/mehr-sein-als-scheinen.de\\\/wp-content\\\/uploads\\\/2016\\\/09\\\/cropped-logo_fvs_575.png\",\"width\":512,\"height\":512,\"caption\":\"Freiherr-vom-Stein-Schule Bochum\"},\"image\":{\"@id\":\"https:\\\/\\\/mehr-sein-als-scheinen.de\\\/#\\\/schema\\\/logo\\\/image\\\/\"}},{\"@type\":\"Person\",\"@id\":\"https:\\\/\\\/mehr-sein-als-scheinen.de\\\/#\\\/schema\\\/person\\\/69fbbc7ee024b7fe58779067fd3992ba\",\"name\":\"MacStrass\",\"image\":{\"@type\":\"ImageObject\",\"inLanguage\":\"de\",\"@id\":\"https:\\\/\\\/secure.gravatar.com\\\/avatar\\\/2d014238132ab830263be8955067cb600cac01646247a85a4f79a3ebf1d9fd11?s=96&d=mm&r=g\",\"url\":\"https:\\\/\\\/secure.gravatar.com\\\/avatar\\\/2d014238132ab830263be8955067cb600cac01646247a85a4f79a3ebf1d9fd11?s=96&d=mm&r=g\",\"contentUrl\":\"https:\\\/\\\/secure.gravatar.com\\\/avatar\\\/2d014238132ab830263be8955067cb600cac01646247a85a4f79a3ebf1d9fd11?s=96&d=mm&r=g\",\"caption\":\"MacStrass\"},\"url\":\"https:\\\/\\\/mehr-sein-als-scheinen.de\\\/?author=3\"}]}<\/script>\n<!-- \/ Yoast SEO plugin. -->","yoast_head_json":{"title":"Die virtuelle FvSt - Freiherr-vom-Stein-Schule Bochum","robots":{"index":"index","follow":"follow","max-snippet":"max-snippet:-1","max-image-preview":"max-image-preview:large","max-video-preview":"max-video-preview:-1"},"canonical":"https:\/\/mehr-sein-als-scheinen.de\/?p=8","og_locale":"de_DE","og_type":"article","og_title":"Die virtuelle FvSt - Freiherr-vom-Stein-Schule Bochum","og_description":"Es war einmal in grauer Vorzeit, als das L\u00fcgen noch geholfen hat, wo Sch\u00fcler noch Sch\u00fcler waren, Lehrer noch Lehrer und Stickst\u00fcten noch Stickst\u00fcten. Es gab noch kein Internet, und die Erde war w\u00fcst und leer. Allerdings gab es noch eine kleine, feine Lehranstalt, die sich im Bochumer Norden befand und durch deren Tore gar ... weiterlesen &rarr;","og_url":"https:\/\/mehr-sein-als-scheinen.de\/?p=8","og_site_name":"Freiherr-vom-Stein-Schule Bochum","article_published_time":"2006-10-25T11:48:38+00:00","article_modified_time":"2006-10-27T12:38:44+00:00","author":"MacStrass","twitter_card":"summary_large_image","twitter_misc":{"Verfasst von":"MacStrass","Gesch\u00e4tzte Lesezeit":"1\u00a0Minute"},"schema":{"@context":"https:\/\/schema.org","@graph":[{"@type":"Article","@id":"https:\/\/mehr-sein-als-scheinen.de\/?p=8#article","isPartOf":{"@id":"https:\/\/mehr-sein-als-scheinen.de\/?p=8"},"author":{"name":"MacStrass","@id":"https:\/\/mehr-sein-als-scheinen.de\/#\/schema\/person\/69fbbc7ee024b7fe58779067fd3992ba"},"headline":"Die virtuelle FvSt","datePublished":"2006-10-25T11:48:38+00:00","dateModified":"2006-10-27T12:38:44+00:00","mainEntityOfPage":{"@id":"https:\/\/mehr-sein-als-scheinen.de\/?p=8"},"wordCount":166,"commentCount":2,"publisher":{"@id":"https:\/\/mehr-sein-als-scheinen.de\/#organization"},"inLanguage":"de","potentialAction":[{"@type":"CommentAction","name":"Comment","target":["https:\/\/mehr-sein-als-scheinen.de\/?p=8#respond"]}]},{"@type":"WebPage","@id":"https:\/\/mehr-sein-als-scheinen.de\/?p=8","url":"https:\/\/mehr-sein-als-scheinen.de\/?p=8","name":"Die virtuelle FvSt - Freiherr-vom-Stein-Schule Bochum","isPartOf":{"@id":"https:\/\/mehr-sein-als-scheinen.de\/#website"},"datePublished":"2006-10-25T11:48:38+00:00","dateModified":"2006-10-27T12:38:44+00:00","breadcrumb":{"@id":"https:\/\/mehr-sein-als-scheinen.de\/?p=8#breadcrumb"},"inLanguage":"de","potentialAction":[{"@type":"ReadAction","target":["https:\/\/mehr-sein-als-scheinen.de\/?p=8"]}]},{"@type":"BreadcrumbList","@id":"https:\/\/mehr-sein-als-scheinen.de\/?p=8#breadcrumb","itemListElement":[{"@type":"ListItem","position":1,"name":"Start","item":"https:\/\/mehr-sein-als-scheinen.de\/"},{"@type":"ListItem","position":2,"name":"Die virtuelle FvSt"}]},{"@type":"WebSite","@id":"https:\/\/mehr-sein-als-scheinen.de\/#website","url":"https:\/\/mehr-sein-als-scheinen.de\/","name":"Freiherr-vom-Stein-Schule Bochum","description":"Treffpunkt f\u00fcr alle Ehemaligen","publisher":{"@id":"https:\/\/mehr-sein-als-scheinen.de\/#organization"},"potentialAction":[{"@type":"SearchAction","target":{"@type":"EntryPoint","urlTemplate":"https:\/\/mehr-sein-als-scheinen.de\/?s={search_term_string}"},"query-input":{"@type":"PropertyValueSpecification","valueRequired":true,"valueName":"search_term_string"}}],"inLanguage":"de"},{"@type":"Organization","@id":"https:\/\/mehr-sein-als-scheinen.de\/#organization","name":"Freiherr-vom-Stein-Schule Bochum","url":"https:\/\/mehr-sein-als-scheinen.de\/","logo":{"@type":"ImageObject","inLanguage":"de","@id":"https:\/\/mehr-sein-als-scheinen.de\/#\/schema\/logo\/image\/","url":"https:\/\/mehr-sein-als-scheinen.de\/wp-content\/uploads\/2016\/09\/cropped-logo_fvs_575.png","contentUrl":"https:\/\/mehr-sein-als-scheinen.de\/wp-content\/uploads\/2016\/09\/cropped-logo_fvs_575.png","width":512,"height":512,"caption":"Freiherr-vom-Stein-Schule Bochum"},"image":{"@id":"https:\/\/mehr-sein-als-scheinen.de\/#\/schema\/logo\/image\/"}},{"@type":"Person","@id":"https:\/\/mehr-sein-als-scheinen.de\/#\/schema\/person\/69fbbc7ee024b7fe58779067fd3992ba","name":"MacStrass","image":{"@type":"ImageObject","inLanguage":"de","@id":"https:\/\/secure.gravatar.com\/avatar\/2d014238132ab830263be8955067cb600cac01646247a85a4f79a3ebf1d9fd11?s=96&d=mm&r=g","url":"https:\/\/secure.gravatar.com\/avatar\/2d014238132ab830263be8955067cb600cac01646247a85a4f79a3ebf1d9fd11?s=96&d=mm&r=g","contentUrl":"https:\/\/secure.gravatar.com\/avatar\/2d014238132ab830263be8955067cb600cac01646247a85a4f79a3ebf1d9fd11?s=96&d=mm&r=g","caption":"MacStrass"},"url":"https:\/\/mehr-sein-als-scheinen.de\/?author=3"}]}},"_links":{"self":[{"href":"https:\/\/mehr-sein-als-scheinen.de\/index.php?rest_route=\/wp\/v2\/posts\/8","targetHints":{"allow":["GET"]}}],"collection":[{"href":"https:\/\/mehr-sein-als-scheinen.de\/index.php?rest_route=\/wp\/v2\/posts"}],"about":[{"href":"https:\/\/mehr-sein-als-scheinen.de\/index.php?rest_route=\/wp\/v2\/types\/post"}],"author":[{"embeddable":true,"href":"https:\/\/mehr-sein-als-scheinen.de\/index.php?rest_route=\/wp\/v2\/users\/3"}],"replies":[{"embeddable":true,"href":"https:\/\/mehr-sein-als-scheinen.de\/index.php?rest_route=%2Fwp%2Fv2%2Fcomments&post=8"}],"version-history":[{"count":0,"href":"https:\/\/mehr-sein-als-scheinen.de\/index.php?rest_route=\/wp\/v2\/posts\/8\/revisions"}],"wp:attachment":[{"href":"https:\/\/mehr-sein-als-scheinen.de\/index.php?rest_route=%2Fwp%2Fv2%2Fmedia&parent=8"}],"wp:term":[{"taxonomy":"category","embeddable":true,"href":"https:\/\/mehr-sein-als-scheinen.de\/index.php?rest_route=%2Fwp%2Fv2%2Fcategories&post=8"},{"taxonomy":"post_tag","embeddable":true,"href":"https:\/\/mehr-sein-als-scheinen.de\/index.php?rest_route=%2Fwp%2Fv2%2Ftags&post=8"}],"curies":[{"name":"wp","href":"https:\/\/api.w.org\/{rel}","templated":true}]}}