{"id":68,"date":"2015-07-19T21:20:51","date_gmt":"2015-07-19T19:20:51","guid":{"rendered":"http:\/\/mehr-sein-als-scheinen.de\/?p=68"},"modified":"2021-11-04T18:17:03","modified_gmt":"2021-11-04T16:17:03","slug":"ehemaligen-treffen-am-26-september-2015","status":"publish","type":"post","link":"https:\/\/mehr-sein-als-scheinen.de\/?p=68","title":{"rendered":"Ehemaligen-Treffen am 26. September 2015"},"content":{"rendered":"<p>Liebe Ehemalige! Mit diesem Schreiben m\u00f6chten wir an unser Jahrestreffen erinnern, das<br \/>\nam Samstag, 26. September 2015, um 15 Uhr in der Stadtpark-Gastronomie,<br \/>\nKlinikstra\u00dfe (fr\u00fcher Parkhaus) im Stadtpark Bochum \u2013 und zwar im \u201eGartenzimmer\u201c \u2013 stattfindet.<br \/>\nDieses Gartenzimmer ist vom Eingangsbereich aus \u00fcber Lift oder Treppe nach unten erreichbar. Wir hoffen<br \/>\nnicht nur auf gutes Wetter (das w\u00e4re ja z. B. ein Anreiz zu einem Spaziergang durch den Park), sondern<br \/>\nauch auf zahlreiche froh gestimmte Tischrunden bei Kaffee und Kuchen und evtl. auch auf Goldene, Silberne<br \/>\noder Diamante Klassengemeinschaften. Diese Einladung gilt selbstverst\u00e4ndlich auch f\u00fcr Nichtmitglieder,<br \/>\ndie mit ihren alten Klassenkameradinnen oder LehrerInnen Wiedersehen feiern m\u00f6chten.<br \/>\nDie Stadtparkgastronomie ist erreichbar:<\/p>\n<ul>\n<li>\u00a0mit dem eigenen Auto (Parkplatz am Haus) oder per Taxi<\/li>\n<li>\u00a0mit der Buslinie 354 + 394 (ab Busbahnhof Hauptbahnhof) bis Haltestelle \u201eTierpark\u201c und<br \/>\nvon dort in den Park<\/li>\n<li>\u00a0ebenfalls per Buslinie 353 + 336 bis Haltestelle \u201eKunstmuseum\u201c und von dort zu Fu\u00df durch<br \/>\nden alten Park hoch zur Stadtparkgastronomie.<\/li>\n<li>F\u00fcr Teilnehmer von ausw\u00e4rts: Ausfahrt \u00fcber A43, A40 und dort Ausfahrt \u201eStadion\u201c und \u00fcber Stadionring,<br \/>\nAlexandrinenstra\u00dfe zur Klinikstra\u00dfe und Einfahrt in den Park.<\/li>\n<\/ul>\n<p>Infos zur Anmeldung und weitere Neuigkeiten stehen im angeh\u00e4ngten Rundbrief: <a href=\"https:\/\/mehr-sein-als-scheinen.de\/wp-content\/uploads\/2015\/07\/Rundbrief_Schule_2015_low1.pdf\">Rundbrief_Schule_2015_low<\/a><\/p>\n","protected":false},"excerpt":{"rendered":"<p>Liebe Ehemalige! Mit diesem Schreiben m\u00f6chten wir an unser Jahrestreffen erinnern, das am Samstag, 26. September 2015, um 15 Uhr in der Stadtpark-Gastronomie, Klinikstra\u00dfe (fr\u00fcher Parkhaus) im Stadtpark Bochum \u2013 und zwar im \u201eGartenzimmer\u201c \u2013 stattfindet. Dieses Gartenzimmer ist vom Eingangsbereich aus \u00fcber Lift oder Treppe nach unten erreichbar. Wir hoffen nicht nur auf gutes <a class=\"read-more\" href=\"https:\/\/mehr-sein-als-scheinen.de\/?p=68\">... weiterlesen <span class=\"meta-nav\">&rarr;<\/span><\/a><\/p>\n","protected":false},"author":1,"featured_media":0,"comment_status":"open","ping_status":"open","sticky":false,"template":"","format":"standard","meta":{"footnotes":""},"categories":[11,2,9],"tags":[],"class_list":["post-68","post","type-post","status-publish","format-standard","hentry","category-schultreffen","category-treffen","category-vereinigung-der-ehemaligen"],"yoast_head":"<!-- This site is optimized with the Yoast SEO plugin v27.4 - https:\/\/yoast.com\/product\/yoast-seo-wordpress\/ -->\n<title>Ehemaligen-Treffen am 26. September 2015 - Freiherr-vom-Stein-Schule Bochum<\/title>\n<meta name=\"robots\" content=\"index, follow, max-snippet:-1, max-image-preview:large, max-video-preview:-1\" \/>\n<link rel=\"canonical\" href=\"https:\/\/mehr-sein-als-scheinen.de\/?p=68\" \/>\n<meta property=\"og:locale\" content=\"de_DE\" \/>\n<meta property=\"og:type\" content=\"article\" \/>\n<meta property=\"og:title\" content=\"Ehemaligen-Treffen am 26. September 2015 - Freiherr-vom-Stein-Schule Bochum\" \/>\n<meta property=\"og:description\" content=\"Liebe Ehemalige! Mit diesem Schreiben m\u00f6chten wir an unser Jahrestreffen erinnern, das am Samstag, 26. September 2015, um 15 Uhr in der Stadtpark-Gastronomie, Klinikstra\u00dfe (fr\u00fcher Parkhaus) im Stadtpark Bochum \u2013 und zwar im \u201eGartenzimmer\u201c \u2013 stattfindet. Dieses Gartenzimmer ist vom Eingangsbereich aus \u00fcber Lift oder Treppe nach unten erreichbar. Wir hoffen nicht nur auf gutes ... weiterlesen &rarr;\" \/>\n<meta property=\"og:url\" content=\"https:\/\/mehr-sein-als-scheinen.de\/?p=68\" \/>\n<meta property=\"og:site_name\" content=\"Freiherr-vom-Stein-Schule Bochum\" \/>\n<meta property=\"article:published_time\" content=\"2015-07-19T19:20:51+00:00\" \/>\n<meta property=\"article:modified_time\" content=\"2021-11-04T16:17:03+00:00\" \/>\n<meta name=\"author\" content=\"admin\" \/>\n<meta name=\"twitter:card\" content=\"summary_large_image\" \/>\n<meta name=\"twitter:label1\" content=\"Verfasst von\" \/>\n\t<meta name=\"twitter:data1\" content=\"admin\" \/>\n\t<meta name=\"twitter:label2\" content=\"Gesch\u00e4tzte Lesezeit\" \/>\n\t<meta name=\"twitter:data2\" content=\"1\u00a0Minute\" \/>\n<script type=\"application\/ld+json\" class=\"yoast-schema-graph\">{\"@context\":\"https:\\\/\\\/schema.org\",\"@graph\":[{\"@type\":\"Article\",\"@id\":\"https:\\\/\\\/mehr-sein-als-scheinen.de\\\/?p=68#article\",\"isPartOf\":{\"@id\":\"https:\\\/\\\/mehr-sein-als-scheinen.de\\\/?p=68\"},\"author\":{\"name\":\"admin\",\"@id\":\"https:\\\/\\\/mehr-sein-als-scheinen.de\\\/#\\\/schema\\\/person\\\/f5d5446bc01a6e800eb64c1984f646b6\"},\"headline\":\"Ehemaligen-Treffen am 26. September 2015\",\"datePublished\":\"2015-07-19T19:20:51+00:00\",\"dateModified\":\"2021-11-04T16:17:03+00:00\",\"mainEntityOfPage\":{\"@id\":\"https:\\\/\\\/mehr-sein-als-scheinen.de\\\/?p=68\"},\"wordCount\":199,\"commentCount\":0,\"publisher\":{\"@id\":\"https:\\\/\\\/mehr-sein-als-scheinen.de\\\/#organization\"},\"articleSection\":[\"Schultreffen\",\"Treffen\",\"Vereinigung der Ehemaligen\"],\"inLanguage\":\"de\",\"potentialAction\":[{\"@type\":\"CommentAction\",\"name\":\"Comment\",\"target\":[\"https:\\\/\\\/mehr-sein-als-scheinen.de\\\/?p=68#respond\"]}]},{\"@type\":\"WebPage\",\"@id\":\"https:\\\/\\\/mehr-sein-als-scheinen.de\\\/?p=68\",\"url\":\"https:\\\/\\\/mehr-sein-als-scheinen.de\\\/?p=68\",\"name\":\"Ehemaligen-Treffen am 26. September 2015 - Freiherr-vom-Stein-Schule Bochum\",\"isPartOf\":{\"@id\":\"https:\\\/\\\/mehr-sein-als-scheinen.de\\\/#website\"},\"datePublished\":\"2015-07-19T19:20:51+00:00\",\"dateModified\":\"2021-11-04T16:17:03+00:00\",\"breadcrumb\":{\"@id\":\"https:\\\/\\\/mehr-sein-als-scheinen.de\\\/?p=68#breadcrumb\"},\"inLanguage\":\"de\",\"potentialAction\":[{\"@type\":\"ReadAction\",\"target\":[\"https:\\\/\\\/mehr-sein-als-scheinen.de\\\/?p=68\"]}]},{\"@type\":\"BreadcrumbList\",\"@id\":\"https:\\\/\\\/mehr-sein-als-scheinen.de\\\/?p=68#breadcrumb\",\"itemListElement\":[{\"@type\":\"ListItem\",\"position\":1,\"name\":\"Start\",\"item\":\"https:\\\/\\\/mehr-sein-als-scheinen.de\\\/\"},{\"@type\":\"ListItem\",\"position\":2,\"name\":\"Ehemaligen-Treffen am 26. September 2015\"}]},{\"@type\":\"WebSite\",\"@id\":\"https:\\\/\\\/mehr-sein-als-scheinen.de\\\/#website\",\"url\":\"https:\\\/\\\/mehr-sein-als-scheinen.de\\\/\",\"name\":\"Freiherr-vom-Stein-Schule Bochum\",\"description\":\"Treffpunkt f\u00fcr alle Ehemaligen\",\"publisher\":{\"@id\":\"https:\\\/\\\/mehr-sein-als-scheinen.de\\\/#organization\"},\"potentialAction\":[{\"@type\":\"SearchAction\",\"target\":{\"@type\":\"EntryPoint\",\"urlTemplate\":\"https:\\\/\\\/mehr-sein-als-scheinen.de\\\/?s={search_term_string}\"},\"query-input\":{\"@type\":\"PropertyValueSpecification\",\"valueRequired\":true,\"valueName\":\"search_term_string\"}}],\"inLanguage\":\"de\"},{\"@type\":\"Organization\",\"@id\":\"https:\\\/\\\/mehr-sein-als-scheinen.de\\\/#organization\",\"name\":\"Freiherr-vom-Stein-Schule Bochum\",\"url\":\"https:\\\/\\\/mehr-sein-als-scheinen.de\\\/\",\"logo\":{\"@type\":\"ImageObject\",\"inLanguage\":\"de\",\"@id\":\"https:\\\/\\\/mehr-sein-als-scheinen.de\\\/#\\\/schema\\\/logo\\\/image\\\/\",\"url\":\"https:\\\/\\\/mehr-sein-als-scheinen.de\\\/wp-content\\\/uploads\\\/2016\\\/09\\\/cropped-logo_fvs_575.png\",\"contentUrl\":\"https:\\\/\\\/mehr-sein-als-scheinen.de\\\/wp-content\\\/uploads\\\/2016\\\/09\\\/cropped-logo_fvs_575.png\",\"width\":512,\"height\":512,\"caption\":\"Freiherr-vom-Stein-Schule Bochum\"},\"image\":{\"@id\":\"https:\\\/\\\/mehr-sein-als-scheinen.de\\\/#\\\/schema\\\/logo\\\/image\\\/\"}},{\"@type\":\"Person\",\"@id\":\"https:\\\/\\\/mehr-sein-als-scheinen.de\\\/#\\\/schema\\\/person\\\/f5d5446bc01a6e800eb64c1984f646b6\",\"name\":\"admin\",\"image\":{\"@type\":\"ImageObject\",\"inLanguage\":\"de\",\"@id\":\"https:\\\/\\\/secure.gravatar.com\\\/avatar\\\/d56e6b7e54550f0bf8d5af95a63c5cc60e744e36d3f923509341891921e5aa07?s=96&d=mm&r=g\",\"url\":\"https:\\\/\\\/secure.gravatar.com\\\/avatar\\\/d56e6b7e54550f0bf8d5af95a63c5cc60e744e36d3f923509341891921e5aa07?s=96&d=mm&r=g\",\"contentUrl\":\"https:\\\/\\\/secure.gravatar.com\\\/avatar\\\/d56e6b7e54550f0bf8d5af95a63c5cc60e744e36d3f923509341891921e5aa07?s=96&d=mm&r=g\",\"caption\":\"admin\"},\"description\":\"1977 - 1983: Klasse 5a - 10a 1983 - 1985: Stufe 11 - 12, Abijahrgang 1986 1985 - 1987: Stufe 12 - 13, Abijahrgang 1987 heute: Diplom-Informatiker (FH)\",\"url\":\"https:\\\/\\\/mehr-sein-als-scheinen.de\\\/?author=1\"}]}<\/script>\n<!-- \/ Yoast SEO plugin. -->","yoast_head_json":{"title":"Ehemaligen-Treffen am 26. September 2015 - Freiherr-vom-Stein-Schule Bochum","robots":{"index":"index","follow":"follow","max-snippet":"max-snippet:-1","max-image-preview":"max-image-preview:large","max-video-preview":"max-video-preview:-1"},"canonical":"https:\/\/mehr-sein-als-scheinen.de\/?p=68","og_locale":"de_DE","og_type":"article","og_title":"Ehemaligen-Treffen am 26. September 2015 - Freiherr-vom-Stein-Schule Bochum","og_description":"Liebe Ehemalige! Mit diesem Schreiben m\u00f6chten wir an unser Jahrestreffen erinnern, das am Samstag, 26. September 2015, um 15 Uhr in der Stadtpark-Gastronomie, Klinikstra\u00dfe (fr\u00fcher Parkhaus) im Stadtpark Bochum \u2013 und zwar im \u201eGartenzimmer\u201c \u2013 stattfindet. Dieses Gartenzimmer ist vom Eingangsbereich aus \u00fcber Lift oder Treppe nach unten erreichbar. Wir hoffen nicht nur auf gutes ... weiterlesen &rarr;","og_url":"https:\/\/mehr-sein-als-scheinen.de\/?p=68","og_site_name":"Freiherr-vom-Stein-Schule Bochum","article_published_time":"2015-07-19T19:20:51+00:00","article_modified_time":"2021-11-04T16:17:03+00:00","author":"admin","twitter_card":"summary_large_image","twitter_misc":{"Verfasst von":"admin","Gesch\u00e4tzte Lesezeit":"1\u00a0Minute"},"schema":{"@context":"https:\/\/schema.org","@graph":[{"@type":"Article","@id":"https:\/\/mehr-sein-als-scheinen.de\/?p=68#article","isPartOf":{"@id":"https:\/\/mehr-sein-als-scheinen.de\/?p=68"},"author":{"name":"admin","@id":"https:\/\/mehr-sein-als-scheinen.de\/#\/schema\/person\/f5d5446bc01a6e800eb64c1984f646b6"},"headline":"Ehemaligen-Treffen am 26. September 2015","datePublished":"2015-07-19T19:20:51+00:00","dateModified":"2021-11-04T16:17:03+00:00","mainEntityOfPage":{"@id":"https:\/\/mehr-sein-als-scheinen.de\/?p=68"},"wordCount":199,"commentCount":0,"publisher":{"@id":"https:\/\/mehr-sein-als-scheinen.de\/#organization"},"articleSection":["Schultreffen","Treffen","Vereinigung der Ehemaligen"],"inLanguage":"de","potentialAction":[{"@type":"CommentAction","name":"Comment","target":["https:\/\/mehr-sein-als-scheinen.de\/?p=68#respond"]}]},{"@type":"WebPage","@id":"https:\/\/mehr-sein-als-scheinen.de\/?p=68","url":"https:\/\/mehr-sein-als-scheinen.de\/?p=68","name":"Ehemaligen-Treffen am 26. September 2015 - Freiherr-vom-Stein-Schule Bochum","isPartOf":{"@id":"https:\/\/mehr-sein-als-scheinen.de\/#website"},"datePublished":"2015-07-19T19:20:51+00:00","dateModified":"2021-11-04T16:17:03+00:00","breadcrumb":{"@id":"https:\/\/mehr-sein-als-scheinen.de\/?p=68#breadcrumb"},"inLanguage":"de","potentialAction":[{"@type":"ReadAction","target":["https:\/\/mehr-sein-als-scheinen.de\/?p=68"]}]},{"@type":"BreadcrumbList","@id":"https:\/\/mehr-sein-als-scheinen.de\/?p=68#breadcrumb","itemListElement":[{"@type":"ListItem","position":1,"name":"Start","item":"https:\/\/mehr-sein-als-scheinen.de\/"},{"@type":"ListItem","position":2,"name":"Ehemaligen-Treffen am 26. September 2015"}]},{"@type":"WebSite","@id":"https:\/\/mehr-sein-als-scheinen.de\/#website","url":"https:\/\/mehr-sein-als-scheinen.de\/","name":"Freiherr-vom-Stein-Schule Bochum","description":"Treffpunkt f\u00fcr alle Ehemaligen","publisher":{"@id":"https:\/\/mehr-sein-als-scheinen.de\/#organization"},"potentialAction":[{"@type":"SearchAction","target":{"@type":"EntryPoint","urlTemplate":"https:\/\/mehr-sein-als-scheinen.de\/?s={search_term_string}"},"query-input":{"@type":"PropertyValueSpecification","valueRequired":true,"valueName":"search_term_string"}}],"inLanguage":"de"},{"@type":"Organization","@id":"https:\/\/mehr-sein-als-scheinen.de\/#organization","name":"Freiherr-vom-Stein-Schule Bochum","url":"https:\/\/mehr-sein-als-scheinen.de\/","logo":{"@type":"ImageObject","inLanguage":"de","@id":"https:\/\/mehr-sein-als-scheinen.de\/#\/schema\/logo\/image\/","url":"https:\/\/mehr-sein-als-scheinen.de\/wp-content\/uploads\/2016\/09\/cropped-logo_fvs_575.png","contentUrl":"https:\/\/mehr-sein-als-scheinen.de\/wp-content\/uploads\/2016\/09\/cropped-logo_fvs_575.png","width":512,"height":512,"caption":"Freiherr-vom-Stein-Schule Bochum"},"image":{"@id":"https:\/\/mehr-sein-als-scheinen.de\/#\/schema\/logo\/image\/"}},{"@type":"Person","@id":"https:\/\/mehr-sein-als-scheinen.de\/#\/schema\/person\/f5d5446bc01a6e800eb64c1984f646b6","name":"admin","image":{"@type":"ImageObject","inLanguage":"de","@id":"https:\/\/secure.gravatar.com\/avatar\/d56e6b7e54550f0bf8d5af95a63c5cc60e744e36d3f923509341891921e5aa07?s=96&d=mm&r=g","url":"https:\/\/secure.gravatar.com\/avatar\/d56e6b7e54550f0bf8d5af95a63c5cc60e744e36d3f923509341891921e5aa07?s=96&d=mm&r=g","contentUrl":"https:\/\/secure.gravatar.com\/avatar\/d56e6b7e54550f0bf8d5af95a63c5cc60e744e36d3f923509341891921e5aa07?s=96&d=mm&r=g","caption":"admin"},"description":"1977 - 1983: Klasse 5a - 10a 1983 - 1985: Stufe 11 - 12, Abijahrgang 1986 1985 - 1987: Stufe 12 - 13, Abijahrgang 1987 heute: Diplom-Informatiker (FH)","url":"https:\/\/mehr-sein-als-scheinen.de\/?author=1"}]}},"_links":{"self":[{"href":"https:\/\/mehr-sein-als-scheinen.de\/index.php?rest_route=\/wp\/v2\/posts\/68","targetHints":{"allow":["GET"]}}],"collection":[{"href":"https:\/\/mehr-sein-als-scheinen.de\/index.php?rest_route=\/wp\/v2\/posts"}],"about":[{"href":"https:\/\/mehr-sein-als-scheinen.de\/index.php?rest_route=\/wp\/v2\/types\/post"}],"author":[{"embeddable":true,"href":"https:\/\/mehr-sein-als-scheinen.de\/index.php?rest_route=\/wp\/v2\/users\/1"}],"replies":[{"embeddable":true,"href":"https:\/\/mehr-sein-als-scheinen.de\/index.php?rest_route=%2Fwp%2Fv2%2Fcomments&post=68"}],"version-history":[{"count":1,"href":"https:\/\/mehr-sein-als-scheinen.de\/index.php?rest_route=\/wp\/v2\/posts\/68\/revisions"}],"predecessor-version":[{"id":71,"href":"https:\/\/mehr-sein-als-scheinen.de\/index.php?rest_route=\/wp\/v2\/posts\/68\/revisions\/71"}],"wp:attachment":[{"href":"https:\/\/mehr-sein-als-scheinen.de\/index.php?rest_route=%2Fwp%2Fv2%2Fmedia&parent=68"}],"wp:term":[{"taxonomy":"category","embeddable":true,"href":"https:\/\/mehr-sein-als-scheinen.de\/index.php?rest_route=%2Fwp%2Fv2%2Fcategories&post=68"},{"taxonomy":"post_tag","embeddable":true,"href":"https:\/\/mehr-sein-als-scheinen.de\/index.php?rest_route=%2Fwp%2Fv2%2Ftags&post=68"}],"curies":[{"name":"wp","href":"https:\/\/api.w.org\/{rel}","templated":true}]}}