{"id":56,"date":"2011-09-26T16:08:22","date_gmt":"2011-09-26T14:08:22","guid":{"rendered":"http:\/\/mehr-sein-als-scheinen.de\/?p=56"},"modified":"2011-09-26T16:08:48","modified_gmt":"2011-09-26T14:08:48","slug":"75-jahriges-jubilaum-der-vereinigung-der-ehemaligen-der-freiherr-vom-stein-schule","status":"publish","type":"post","link":"https:\/\/mehr-sein-als-scheinen.de\/?p=56","title":{"rendered":"75-j\u00e4hriges Jubil\u00e4um der Vereinigung der Ehemaligen der Freiherr-vom-Stein-Schule"},"content":{"rendered":"<p><a href=\"https:\/\/mehr-sein-als-scheinen.de\/wp-content\/uploads\/2011\/09\/logo_fvs.png\" title=\"Logo\"><img decoding=\"async\" src=\"https:\/\/mehr-sein-als-scheinen.de\/wp-content\/uploads\/2011\/09\/logo_fvs.png\" alt=\"Logo\" \/><\/a><\/p>\n<p>Die Vereinigung der Ehemaligen der Freiherr-vom-Stein-Schule blickt in diesem Jahr auf ein besonderes Jubil\u00e4um zur\u00fcck: Sie feiert ihr 75-j\u00e4hriges Bestehen und hat damit beim allj\u00e4hrlichen Jahrestreffen der ehemaligen Sch\u00fcler und Sch\u00fclerinnen der Freiherr-vom-Stein-Schule, einen ganz besonderen Grund zum Feiern. Zu dem Jahrestreffen l\u00e4dt die Vereinigung der Ehemaligen am Samstag, 8. Oktober 2011, ab 15 Uhr in das Gartenzimmer der Gastronomie im Stadtpark, Klinikstra\u00dfe 41-43, ein.<\/p>\n<p>Eingeladen sind alle fr\u00fcheren Sch\u00fclerinnen, Sch\u00fcler und Lehrkr\u00e4fte. Das Organisationsteam freut sich auf einen anregenden Nachmittag mit generations\u00fcbergreifenden Gespr\u00e4chen.<\/p>\n<p>Anmeldungen \u00fcber <a href=\"mailto:kontakt@mehr-sein-als-scheinen.de\">kontakt@mehr-sein-als-scheinen.de<\/a> oder telefonisch bei Frau Waldtraut Bueck-Wei\u00df,\u00a0 Telefon 02327-86214.<\/p>\n<p>Die Freiherr-vom-Stein-Schule, deren Urspr\u00fcnge auf die 1865 gegr\u00fcndete H\u00f6heren T\u00f6chterschule zur\u00fcckf\u00fchren, wurde 1990, zum 125j\u00e4hrigen Bestehen des Gymnasiums,\u00a0 geschlossen. In das Geb\u00e4ude zog die diesem Zeitpunkt bereits bestehenden Heinrich-B\u00f6ll-Gesamtschule ein.<\/p>\n","protected":false},"excerpt":{"rendered":"<p>Die Vereinigung der Ehemaligen der Freiherr-vom-Stein-Schule blickt in diesem Jahr auf ein besonderes Jubil\u00e4um zur\u00fcck: Sie feiert ihr 75-j\u00e4hriges Bestehen und hat damit beim allj\u00e4hrlichen Jahrestreffen der ehemaligen Sch\u00fcler und Sch\u00fclerinnen der Freiherr-vom-Stein-Schule, einen ganz besonderen Grund zum Feiern. Zu dem Jahrestreffen l\u00e4dt die Vereinigung der Ehemaligen am Samstag, 8. Oktober 2011, ab 15 Uhr <a class=\"read-more\" href=\"https:\/\/mehr-sein-als-scheinen.de\/?p=56\">... weiterlesen <span class=\"meta-nav\">&rarr;<\/span><\/a><\/p>\n","protected":false},"author":1,"featured_media":0,"comment_status":"open","ping_status":"open","sticky":false,"template":"","format":"standard","meta":{"footnotes":""},"categories":[11,2,9],"tags":[],"class_list":["post-56","post","type-post","status-publish","format-standard","hentry","category-schultreffen","category-treffen","category-vereinigung-der-ehemaligen"],"yoast_head":"<!-- This site is optimized with the Yoast SEO plugin v27.5 - https:\/\/yoast.com\/product\/yoast-seo-wordpress\/ -->\n<title>75-j\u00e4hriges Jubil\u00e4um der Vereinigung der Ehemaligen der Freiherr-vom-Stein-Schule - Freiherr-vom-Stein-Schule Bochum<\/title>\n<meta name=\"robots\" content=\"index, follow, max-snippet:-1, max-image-preview:large, max-video-preview:-1\" \/>\n<link rel=\"canonical\" href=\"https:\/\/mehr-sein-als-scheinen.de\/?p=56\" \/>\n<meta property=\"og:locale\" content=\"de_DE\" \/>\n<meta property=\"og:type\" content=\"article\" \/>\n<meta property=\"og:title\" content=\"75-j\u00e4hriges Jubil\u00e4um der Vereinigung der Ehemaligen der Freiherr-vom-Stein-Schule - Freiherr-vom-Stein-Schule Bochum\" \/>\n<meta property=\"og:description\" content=\"Die Vereinigung der Ehemaligen der Freiherr-vom-Stein-Schule blickt in diesem Jahr auf ein besonderes Jubil\u00e4um zur\u00fcck: Sie feiert ihr 75-j\u00e4hriges Bestehen und hat damit beim allj\u00e4hrlichen Jahrestreffen der ehemaligen Sch\u00fcler und Sch\u00fclerinnen der Freiherr-vom-Stein-Schule, einen ganz besonderen Grund zum Feiern. Zu dem Jahrestreffen l\u00e4dt die Vereinigung der Ehemaligen am Samstag, 8. Oktober 2011, ab 15 Uhr ... weiterlesen &rarr;\" \/>\n<meta property=\"og:url\" content=\"https:\/\/mehr-sein-als-scheinen.de\/?p=56\" \/>\n<meta property=\"og:site_name\" content=\"Freiherr-vom-Stein-Schule Bochum\" \/>\n<meta property=\"article:published_time\" content=\"2011-09-26T14:08:22+00:00\" \/>\n<meta property=\"article:modified_time\" content=\"2011-09-26T14:08:48+00:00\" \/>\n<meta property=\"og:image\" content=\"https:\/\/mehr-sein-als-scheinen.de\/wp-content\/uploads\/2011\/09\/logo_fvs.png\" \/>\n<meta name=\"author\" content=\"admin\" \/>\n<meta name=\"twitter:card\" content=\"summary_large_image\" \/>\n<meta name=\"twitter:label1\" content=\"Verfasst von\" \/>\n\t<meta name=\"twitter:data1\" content=\"admin\" \/>\n\t<meta name=\"twitter:label2\" content=\"Gesch\u00e4tzte Lesezeit\" \/>\n\t<meta name=\"twitter:data2\" content=\"1\u00a0Minute\" \/>\n<script type=\"application\/ld+json\" class=\"yoast-schema-graph\">{\"@context\":\"https:\\\/\\\/schema.org\",\"@graph\":[{\"@type\":\"Article\",\"@id\":\"https:\\\/\\\/mehr-sein-als-scheinen.de\\\/?p=56#article\",\"isPartOf\":{\"@id\":\"https:\\\/\\\/mehr-sein-als-scheinen.de\\\/?p=56\"},\"author\":{\"name\":\"admin\",\"@id\":\"https:\\\/\\\/mehr-sein-als-scheinen.de\\\/#\\\/schema\\\/person\\\/f5d5446bc01a6e800eb64c1984f646b6\"},\"headline\":\"75-j\u00e4hriges Jubil\u00e4um der Vereinigung der Ehemaligen der Freiherr-vom-Stein-Schule\",\"datePublished\":\"2011-09-26T14:08:22+00:00\",\"dateModified\":\"2011-09-26T14:08:48+00:00\",\"mainEntityOfPage\":{\"@id\":\"https:\\\/\\\/mehr-sein-als-scheinen.de\\\/?p=56\"},\"wordCount\":155,\"commentCount\":0,\"publisher\":{\"@id\":\"https:\\\/\\\/mehr-sein-als-scheinen.de\\\/#organization\"},\"image\":{\"@id\":\"https:\\\/\\\/mehr-sein-als-scheinen.de\\\/?p=56#primaryimage\"},\"thumbnailUrl\":\"https:\\\/\\\/mehr-sein-als-scheinen.de\\\/wp-content\\\/uploads\\\/2011\\\/09\\\/logo_fvs.png\",\"articleSection\":[\"Schultreffen\",\"Treffen\",\"Vereinigung der Ehemaligen\"],\"inLanguage\":\"de\",\"potentialAction\":[{\"@type\":\"CommentAction\",\"name\":\"Comment\",\"target\":[\"https:\\\/\\\/mehr-sein-als-scheinen.de\\\/?p=56#respond\"]}]},{\"@type\":\"WebPage\",\"@id\":\"https:\\\/\\\/mehr-sein-als-scheinen.de\\\/?p=56\",\"url\":\"https:\\\/\\\/mehr-sein-als-scheinen.de\\\/?p=56\",\"name\":\"75-j\u00e4hriges Jubil\u00e4um der Vereinigung der Ehemaligen der Freiherr-vom-Stein-Schule - Freiherr-vom-Stein-Schule Bochum\",\"isPartOf\":{\"@id\":\"https:\\\/\\\/mehr-sein-als-scheinen.de\\\/#website\"},\"primaryImageOfPage\":{\"@id\":\"https:\\\/\\\/mehr-sein-als-scheinen.de\\\/?p=56#primaryimage\"},\"image\":{\"@id\":\"https:\\\/\\\/mehr-sein-als-scheinen.de\\\/?p=56#primaryimage\"},\"thumbnailUrl\":\"https:\\\/\\\/mehr-sein-als-scheinen.de\\\/wp-content\\\/uploads\\\/2011\\\/09\\\/logo_fvs.png\",\"datePublished\":\"2011-09-26T14:08:22+00:00\",\"dateModified\":\"2011-09-26T14:08:48+00:00\",\"breadcrumb\":{\"@id\":\"https:\\\/\\\/mehr-sein-als-scheinen.de\\\/?p=56#breadcrumb\"},\"inLanguage\":\"de\",\"potentialAction\":[{\"@type\":\"ReadAction\",\"target\":[\"https:\\\/\\\/mehr-sein-als-scheinen.de\\\/?p=56\"]}]},{\"@type\":\"ImageObject\",\"inLanguage\":\"de\",\"@id\":\"https:\\\/\\\/mehr-sein-als-scheinen.de\\\/?p=56#primaryimage\",\"url\":\"https:\\\/\\\/mehr-sein-als-scheinen.de\\\/wp-content\\\/uploads\\\/2011\\\/09\\\/logo_fvs.png\",\"contentUrl\":\"https:\\\/\\\/mehr-sein-als-scheinen.de\\\/wp-content\\\/uploads\\\/2011\\\/09\\\/logo_fvs.png\"},{\"@type\":\"BreadcrumbList\",\"@id\":\"https:\\\/\\\/mehr-sein-als-scheinen.de\\\/?p=56#breadcrumb\",\"itemListElement\":[{\"@type\":\"ListItem\",\"position\":1,\"name\":\"Start\",\"item\":\"https:\\\/\\\/mehr-sein-als-scheinen.de\\\/\"},{\"@type\":\"ListItem\",\"position\":2,\"name\":\"75-j\u00e4hriges Jubil\u00e4um der Vereinigung der Ehemaligen der Freiherr-vom-Stein-Schule\"}]},{\"@type\":\"WebSite\",\"@id\":\"https:\\\/\\\/mehr-sein-als-scheinen.de\\\/#website\",\"url\":\"https:\\\/\\\/mehr-sein-als-scheinen.de\\\/\",\"name\":\"Freiherr-vom-Stein-Schule Bochum\",\"description\":\"Treffpunkt f\u00fcr alle Ehemaligen\",\"publisher\":{\"@id\":\"https:\\\/\\\/mehr-sein-als-scheinen.de\\\/#organization\"},\"potentialAction\":[{\"@type\":\"SearchAction\",\"target\":{\"@type\":\"EntryPoint\",\"urlTemplate\":\"https:\\\/\\\/mehr-sein-als-scheinen.de\\\/?s={search_term_string}\"},\"query-input\":{\"@type\":\"PropertyValueSpecification\",\"valueRequired\":true,\"valueName\":\"search_term_string\"}}],\"inLanguage\":\"de\"},{\"@type\":\"Organization\",\"@id\":\"https:\\\/\\\/mehr-sein-als-scheinen.de\\\/#organization\",\"name\":\"Freiherr-vom-Stein-Schule Bochum\",\"url\":\"https:\\\/\\\/mehr-sein-als-scheinen.de\\\/\",\"logo\":{\"@type\":\"ImageObject\",\"inLanguage\":\"de\",\"@id\":\"https:\\\/\\\/mehr-sein-als-scheinen.de\\\/#\\\/schema\\\/logo\\\/image\\\/\",\"url\":\"https:\\\/\\\/mehr-sein-als-scheinen.de\\\/wp-content\\\/uploads\\\/2016\\\/09\\\/cropped-logo_fvs_575.png\",\"contentUrl\":\"https:\\\/\\\/mehr-sein-als-scheinen.de\\\/wp-content\\\/uploads\\\/2016\\\/09\\\/cropped-logo_fvs_575.png\",\"width\":512,\"height\":512,\"caption\":\"Freiherr-vom-Stein-Schule Bochum\"},\"image\":{\"@id\":\"https:\\\/\\\/mehr-sein-als-scheinen.de\\\/#\\\/schema\\\/logo\\\/image\\\/\"}},{\"@type\":\"Person\",\"@id\":\"https:\\\/\\\/mehr-sein-als-scheinen.de\\\/#\\\/schema\\\/person\\\/f5d5446bc01a6e800eb64c1984f646b6\",\"name\":\"admin\",\"image\":{\"@type\":\"ImageObject\",\"inLanguage\":\"de\",\"@id\":\"https:\\\/\\\/secure.gravatar.com\\\/avatar\\\/d56e6b7e54550f0bf8d5af95a63c5cc60e744e36d3f923509341891921e5aa07?s=96&d=mm&r=g\",\"url\":\"https:\\\/\\\/secure.gravatar.com\\\/avatar\\\/d56e6b7e54550f0bf8d5af95a63c5cc60e744e36d3f923509341891921e5aa07?s=96&d=mm&r=g\",\"contentUrl\":\"https:\\\/\\\/secure.gravatar.com\\\/avatar\\\/d56e6b7e54550f0bf8d5af95a63c5cc60e744e36d3f923509341891921e5aa07?s=96&d=mm&r=g\",\"caption\":\"admin\"},\"description\":\"1977 - 1983: Klasse 5a - 10a 1983 - 1985: Stufe 11 - 12, Abijahrgang 1986 1985 - 1987: Stufe 12 - 13, Abijahrgang 1987 heute: Diplom-Informatiker (FH)\",\"url\":\"https:\\\/\\\/mehr-sein-als-scheinen.de\\\/?author=1\"}]}<\/script>\n<!-- \/ Yoast SEO plugin. -->","yoast_head_json":{"title":"75-j\u00e4hriges Jubil\u00e4um der Vereinigung der Ehemaligen der Freiherr-vom-Stein-Schule - Freiherr-vom-Stein-Schule Bochum","robots":{"index":"index","follow":"follow","max-snippet":"max-snippet:-1","max-image-preview":"max-image-preview:large","max-video-preview":"max-video-preview:-1"},"canonical":"https:\/\/mehr-sein-als-scheinen.de\/?p=56","og_locale":"de_DE","og_type":"article","og_title":"75-j\u00e4hriges Jubil\u00e4um der Vereinigung der Ehemaligen der Freiherr-vom-Stein-Schule - Freiherr-vom-Stein-Schule Bochum","og_description":"Die Vereinigung der Ehemaligen der Freiherr-vom-Stein-Schule blickt in diesem Jahr auf ein besonderes Jubil\u00e4um zur\u00fcck: Sie feiert ihr 75-j\u00e4hriges Bestehen und hat damit beim allj\u00e4hrlichen Jahrestreffen der ehemaligen Sch\u00fcler und Sch\u00fclerinnen der Freiherr-vom-Stein-Schule, einen ganz besonderen Grund zum Feiern. Zu dem Jahrestreffen l\u00e4dt die Vereinigung der Ehemaligen am Samstag, 8. Oktober 2011, ab 15 Uhr ... weiterlesen &rarr;","og_url":"https:\/\/mehr-sein-als-scheinen.de\/?p=56","og_site_name":"Freiherr-vom-Stein-Schule Bochum","article_published_time":"2011-09-26T14:08:22+00:00","article_modified_time":"2011-09-26T14:08:48+00:00","og_image":[{"url":"https:\/\/mehr-sein-als-scheinen.de\/wp-content\/uploads\/2011\/09\/logo_fvs.png","type":"","width":"","height":""}],"author":"admin","twitter_card":"summary_large_image","twitter_misc":{"Verfasst von":"admin","Gesch\u00e4tzte Lesezeit":"1\u00a0Minute"},"schema":{"@context":"https:\/\/schema.org","@graph":[{"@type":"Article","@id":"https:\/\/mehr-sein-als-scheinen.de\/?p=56#article","isPartOf":{"@id":"https:\/\/mehr-sein-als-scheinen.de\/?p=56"},"author":{"name":"admin","@id":"https:\/\/mehr-sein-als-scheinen.de\/#\/schema\/person\/f5d5446bc01a6e800eb64c1984f646b6"},"headline":"75-j\u00e4hriges Jubil\u00e4um der Vereinigung der Ehemaligen der Freiherr-vom-Stein-Schule","datePublished":"2011-09-26T14:08:22+00:00","dateModified":"2011-09-26T14:08:48+00:00","mainEntityOfPage":{"@id":"https:\/\/mehr-sein-als-scheinen.de\/?p=56"},"wordCount":155,"commentCount":0,"publisher":{"@id":"https:\/\/mehr-sein-als-scheinen.de\/#organization"},"image":{"@id":"https:\/\/mehr-sein-als-scheinen.de\/?p=56#primaryimage"},"thumbnailUrl":"https:\/\/mehr-sein-als-scheinen.de\/wp-content\/uploads\/2011\/09\/logo_fvs.png","articleSection":["Schultreffen","Treffen","Vereinigung der Ehemaligen"],"inLanguage":"de","potentialAction":[{"@type":"CommentAction","name":"Comment","target":["https:\/\/mehr-sein-als-scheinen.de\/?p=56#respond"]}]},{"@type":"WebPage","@id":"https:\/\/mehr-sein-als-scheinen.de\/?p=56","url":"https:\/\/mehr-sein-als-scheinen.de\/?p=56","name":"75-j\u00e4hriges Jubil\u00e4um der Vereinigung der Ehemaligen der Freiherr-vom-Stein-Schule - Freiherr-vom-Stein-Schule Bochum","isPartOf":{"@id":"https:\/\/mehr-sein-als-scheinen.de\/#website"},"primaryImageOfPage":{"@id":"https:\/\/mehr-sein-als-scheinen.de\/?p=56#primaryimage"},"image":{"@id":"https:\/\/mehr-sein-als-scheinen.de\/?p=56#primaryimage"},"thumbnailUrl":"https:\/\/mehr-sein-als-scheinen.de\/wp-content\/uploads\/2011\/09\/logo_fvs.png","datePublished":"2011-09-26T14:08:22+00:00","dateModified":"2011-09-26T14:08:48+00:00","breadcrumb":{"@id":"https:\/\/mehr-sein-als-scheinen.de\/?p=56#breadcrumb"},"inLanguage":"de","potentialAction":[{"@type":"ReadAction","target":["https:\/\/mehr-sein-als-scheinen.de\/?p=56"]}]},{"@type":"ImageObject","inLanguage":"de","@id":"https:\/\/mehr-sein-als-scheinen.de\/?p=56#primaryimage","url":"https:\/\/mehr-sein-als-scheinen.de\/wp-content\/uploads\/2011\/09\/logo_fvs.png","contentUrl":"https:\/\/mehr-sein-als-scheinen.de\/wp-content\/uploads\/2011\/09\/logo_fvs.png"},{"@type":"BreadcrumbList","@id":"https:\/\/mehr-sein-als-scheinen.de\/?p=56#breadcrumb","itemListElement":[{"@type":"ListItem","position":1,"name":"Start","item":"https:\/\/mehr-sein-als-scheinen.de\/"},{"@type":"ListItem","position":2,"name":"75-j\u00e4hriges Jubil\u00e4um der Vereinigung der Ehemaligen der Freiherr-vom-Stein-Schule"}]},{"@type":"WebSite","@id":"https:\/\/mehr-sein-als-scheinen.de\/#website","url":"https:\/\/mehr-sein-als-scheinen.de\/","name":"Freiherr-vom-Stein-Schule Bochum","description":"Treffpunkt f\u00fcr alle Ehemaligen","publisher":{"@id":"https:\/\/mehr-sein-als-scheinen.de\/#organization"},"potentialAction":[{"@type":"SearchAction","target":{"@type":"EntryPoint","urlTemplate":"https:\/\/mehr-sein-als-scheinen.de\/?s={search_term_string}"},"query-input":{"@type":"PropertyValueSpecification","valueRequired":true,"valueName":"search_term_string"}}],"inLanguage":"de"},{"@type":"Organization","@id":"https:\/\/mehr-sein-als-scheinen.de\/#organization","name":"Freiherr-vom-Stein-Schule Bochum","url":"https:\/\/mehr-sein-als-scheinen.de\/","logo":{"@type":"ImageObject","inLanguage":"de","@id":"https:\/\/mehr-sein-als-scheinen.de\/#\/schema\/logo\/image\/","url":"https:\/\/mehr-sein-als-scheinen.de\/wp-content\/uploads\/2016\/09\/cropped-logo_fvs_575.png","contentUrl":"https:\/\/mehr-sein-als-scheinen.de\/wp-content\/uploads\/2016\/09\/cropped-logo_fvs_575.png","width":512,"height":512,"caption":"Freiherr-vom-Stein-Schule Bochum"},"image":{"@id":"https:\/\/mehr-sein-als-scheinen.de\/#\/schema\/logo\/image\/"}},{"@type":"Person","@id":"https:\/\/mehr-sein-als-scheinen.de\/#\/schema\/person\/f5d5446bc01a6e800eb64c1984f646b6","name":"admin","image":{"@type":"ImageObject","inLanguage":"de","@id":"https:\/\/secure.gravatar.com\/avatar\/d56e6b7e54550f0bf8d5af95a63c5cc60e744e36d3f923509341891921e5aa07?s=96&d=mm&r=g","url":"https:\/\/secure.gravatar.com\/avatar\/d56e6b7e54550f0bf8d5af95a63c5cc60e744e36d3f923509341891921e5aa07?s=96&d=mm&r=g","contentUrl":"https:\/\/secure.gravatar.com\/avatar\/d56e6b7e54550f0bf8d5af95a63c5cc60e744e36d3f923509341891921e5aa07?s=96&d=mm&r=g","caption":"admin"},"description":"1977 - 1983: Klasse 5a - 10a 1983 - 1985: Stufe 11 - 12, Abijahrgang 1986 1985 - 1987: Stufe 12 - 13, Abijahrgang 1987 heute: Diplom-Informatiker (FH)","url":"https:\/\/mehr-sein-als-scheinen.de\/?author=1"}]}},"_links":{"self":[{"href":"https:\/\/mehr-sein-als-scheinen.de\/index.php?rest_route=\/wp\/v2\/posts\/56","targetHints":{"allow":["GET"]}}],"collection":[{"href":"https:\/\/mehr-sein-als-scheinen.de\/index.php?rest_route=\/wp\/v2\/posts"}],"about":[{"href":"https:\/\/mehr-sein-als-scheinen.de\/index.php?rest_route=\/wp\/v2\/types\/post"}],"author":[{"embeddable":true,"href":"https:\/\/mehr-sein-als-scheinen.de\/index.php?rest_route=\/wp\/v2\/users\/1"}],"replies":[{"embeddable":true,"href":"https:\/\/mehr-sein-als-scheinen.de\/index.php?rest_route=%2Fwp%2Fv2%2Fcomments&post=56"}],"version-history":[{"count":0,"href":"https:\/\/mehr-sein-als-scheinen.de\/index.php?rest_route=\/wp\/v2\/posts\/56\/revisions"}],"wp:attachment":[{"href":"https:\/\/mehr-sein-als-scheinen.de\/index.php?rest_route=%2Fwp%2Fv2%2Fmedia&parent=56"}],"wp:term":[{"taxonomy":"category","embeddable":true,"href":"https:\/\/mehr-sein-als-scheinen.de\/index.php?rest_route=%2Fwp%2Fv2%2Fcategories&post=56"},{"taxonomy":"post_tag","embeddable":true,"href":"https:\/\/mehr-sein-als-scheinen.de\/index.php?rest_route=%2Fwp%2Fv2%2Ftags&post=56"}],"curies":[{"name":"wp","href":"https:\/\/api.w.org\/{rel}","templated":true}]}}