{"id":51,"date":"2010-08-19T18:16:49","date_gmt":"2010-08-19T16:16:49","guid":{"rendered":"http:\/\/mehr-sein-als-scheinen.de\/?p=51"},"modified":"2011-08-17T22:48:55","modified_gmt":"2011-08-17T20:48:55","slug":"treffen-der-ehemaligen-vereinigung-am-02102010-in-der-stadtparkgastronomie","status":"publish","type":"post","link":"https:\/\/mehr-sein-als-scheinen.de\/?p=51","title":{"rendered":"Treffen der Ehemaligen-Vereinigung am 02.10.2010 in der Stadtparkgastronomie"},"content":{"rendered":"<p>Am Samstag, 2. Oktober 2010, ab 15 Uhr findet in der <a href=\"http:\/\/www.stadtpark-gastronomie.de\/\" target=\"_blank\">Stadtpark-Gastronomie<\/a>, Klinikstra\u00dfe (fr\u00fcher Parkhaus) im Stadtpark Bochum \u0096 und zwar im \u0084Gartenzimmer\u0093 \u0096 das Jahrestreffen der Ehemaligen-Vereinigung statt.<\/p>\n<p>Dieses Gartenzimmer ist vom Eingangsbereich aus \u00fcber Lift oder Treppe nach unten erreichbar. Wir hoffen nicht nur auf gutes Wetter (das w\u00e4re ja z. B. ein Anreiz zu einem Spaziergang durch den Park), sondern auch auf zahlreiche frohgestimmte Tischrunden bei Kaffee und Kuchen und evtl. auch auf Goldene oder Silberne Klassengemeinschaften. Diese Einladung gilt selbstverst\u00e4ndlich auch f\u00fcr Nichtmitglieder, die mit ihren alten KlassenkameradInnen oder LehrerInnen Wiedersehen feiern m\u00f6chten.<\/p>\n<p>Da das Durchschnittsalter bei den bisherigen Treffen doch sehr hoch war, w\u00fcrden wir uns besonders freuen, auch \"j\u00fcngere\" Abiturjahrg\u00e4nge in der Stadtpark-Gastronomie - und vielleicht im Anschluss noch im Bermuda Dreieck - zu sehen. Wo hat man schon die Chance, 20 Jahre nach dem Abi als absoluter Junior zu gelten? Wohl nur beim Treffen einer Schule, die seit 20 Jahren geschlossen ist...<\/p>\n<p>Anmeldungen bitte an: Waldtraud Bueck-Wei\u00df, Parkstra\u00dfe 31, 44866 Bochum, Tel.: 0 23 27-8 62 14 oder per <a href=\"mailto:kontakt@mehr-sein-als-scheinen.de\">Mail<\/a>.<\/p>\n","protected":false},"excerpt":{"rendered":"<p>Am Samstag, 2. Oktober 2010, ab 15 Uhr findet in der Stadtpark-Gastronomie, Klinikstra\u00dfe (fr\u00fcher Parkhaus) im Stadtpark Bochum \u0096 und zwar im \u0084Gartenzimmer\u0093 \u0096 das Jahrestreffen der Ehemaligen-Vereinigung statt. Dieses Gartenzimmer ist vom Eingangsbereich aus \u00fcber Lift oder Treppe nach unten erreichbar. Wir hoffen nicht nur auf gutes Wetter (das w\u00e4re ja z. B. ein <a class=\"read-more\" href=\"https:\/\/mehr-sein-als-scheinen.de\/?p=51\">... weiterlesen <span class=\"meta-nav\">&rarr;<\/span><\/a><\/p>\n","protected":false},"author":1,"featured_media":0,"comment_status":"open","ping_status":"open","sticky":false,"template":"","format":"standard","meta":{"footnotes":""},"categories":[11,2,9],"tags":[],"class_list":["post-51","post","type-post","status-publish","format-standard","hentry","category-schultreffen","category-treffen","category-vereinigung-der-ehemaligen"],"yoast_head":"<!-- This site is optimized with the Yoast SEO plugin v27.5 - https:\/\/yoast.com\/product\/yoast-seo-wordpress\/ -->\n<title>Treffen der Ehemaligen-Vereinigung am 02.10.2010 in der Stadtparkgastronomie - Freiherr-vom-Stein-Schule Bochum<\/title>\n<meta name=\"robots\" content=\"index, follow, max-snippet:-1, max-image-preview:large, max-video-preview:-1\" \/>\n<link rel=\"canonical\" href=\"https:\/\/mehr-sein-als-scheinen.de\/?p=51\" \/>\n<meta property=\"og:locale\" content=\"de_DE\" \/>\n<meta property=\"og:type\" content=\"article\" \/>\n<meta property=\"og:title\" content=\"Treffen der Ehemaligen-Vereinigung am 02.10.2010 in der Stadtparkgastronomie - Freiherr-vom-Stein-Schule Bochum\" \/>\n<meta property=\"og:description\" content=\"Am Samstag, 2. Oktober 2010, ab 15 Uhr findet in der Stadtpark-Gastronomie, Klinikstra\u00dfe (fr\u00fcher Parkhaus) im Stadtpark Bochum \u0096 und zwar im \u0084Gartenzimmer\u0093 \u0096 das Jahrestreffen der Ehemaligen-Vereinigung statt. Dieses Gartenzimmer ist vom Eingangsbereich aus \u00fcber Lift oder Treppe nach unten erreichbar. Wir hoffen nicht nur auf gutes Wetter (das w\u00e4re ja z. B. ein ... weiterlesen &rarr;\" \/>\n<meta property=\"og:url\" content=\"https:\/\/mehr-sein-als-scheinen.de\/?p=51\" \/>\n<meta property=\"og:site_name\" content=\"Freiherr-vom-Stein-Schule Bochum\" \/>\n<meta property=\"article:published_time\" content=\"2010-08-19T16:16:49+00:00\" \/>\n<meta property=\"article:modified_time\" content=\"2011-08-17T20:48:55+00:00\" \/>\n<meta name=\"author\" content=\"admin\" \/>\n<meta name=\"twitter:card\" content=\"summary_large_image\" \/>\n<meta name=\"twitter:label1\" content=\"Verfasst von\" \/>\n\t<meta name=\"twitter:data1\" content=\"admin\" \/>\n\t<meta name=\"twitter:label2\" content=\"Gesch\u00e4tzte Lesezeit\" \/>\n\t<meta name=\"twitter:data2\" content=\"1\u00a0Minute\" \/>\n<script type=\"application\/ld+json\" class=\"yoast-schema-graph\">{\"@context\":\"https:\\\/\\\/schema.org\",\"@graph\":[{\"@type\":\"Article\",\"@id\":\"https:\\\/\\\/mehr-sein-als-scheinen.de\\\/?p=51#article\",\"isPartOf\":{\"@id\":\"https:\\\/\\\/mehr-sein-als-scheinen.de\\\/?p=51\"},\"author\":{\"name\":\"admin\",\"@id\":\"https:\\\/\\\/mehr-sein-als-scheinen.de\\\/#\\\/schema\\\/person\\\/f5d5446bc01a6e800eb64c1984f646b6\"},\"headline\":\"Treffen der Ehemaligen-Vereinigung am 02.10.2010 in der Stadtparkgastronomie\",\"datePublished\":\"2010-08-19T16:16:49+00:00\",\"dateModified\":\"2011-08-17T20:48:55+00:00\",\"mainEntityOfPage\":{\"@id\":\"https:\\\/\\\/mehr-sein-als-scheinen.de\\\/?p=51\"},\"wordCount\":181,\"commentCount\":1,\"publisher\":{\"@id\":\"https:\\\/\\\/mehr-sein-als-scheinen.de\\\/#organization\"},\"articleSection\":[\"Schultreffen\",\"Treffen\",\"Vereinigung der Ehemaligen\"],\"inLanguage\":\"de\",\"potentialAction\":[{\"@type\":\"CommentAction\",\"name\":\"Comment\",\"target\":[\"https:\\\/\\\/mehr-sein-als-scheinen.de\\\/?p=51#respond\"]}]},{\"@type\":\"WebPage\",\"@id\":\"https:\\\/\\\/mehr-sein-als-scheinen.de\\\/?p=51\",\"url\":\"https:\\\/\\\/mehr-sein-als-scheinen.de\\\/?p=51\",\"name\":\"Treffen der Ehemaligen-Vereinigung am 02.10.2010 in der Stadtparkgastronomie - Freiherr-vom-Stein-Schule Bochum\",\"isPartOf\":{\"@id\":\"https:\\\/\\\/mehr-sein-als-scheinen.de\\\/#website\"},\"datePublished\":\"2010-08-19T16:16:49+00:00\",\"dateModified\":\"2011-08-17T20:48:55+00:00\",\"breadcrumb\":{\"@id\":\"https:\\\/\\\/mehr-sein-als-scheinen.de\\\/?p=51#breadcrumb\"},\"inLanguage\":\"de\",\"potentialAction\":[{\"@type\":\"ReadAction\",\"target\":[\"https:\\\/\\\/mehr-sein-als-scheinen.de\\\/?p=51\"]}]},{\"@type\":\"BreadcrumbList\",\"@id\":\"https:\\\/\\\/mehr-sein-als-scheinen.de\\\/?p=51#breadcrumb\",\"itemListElement\":[{\"@type\":\"ListItem\",\"position\":1,\"name\":\"Start\",\"item\":\"https:\\\/\\\/mehr-sein-als-scheinen.de\\\/\"},{\"@type\":\"ListItem\",\"position\":2,\"name\":\"Treffen der Ehemaligen-Vereinigung am 02.10.2010 in der Stadtparkgastronomie\"}]},{\"@type\":\"WebSite\",\"@id\":\"https:\\\/\\\/mehr-sein-als-scheinen.de\\\/#website\",\"url\":\"https:\\\/\\\/mehr-sein-als-scheinen.de\\\/\",\"name\":\"Freiherr-vom-Stein-Schule Bochum\",\"description\":\"Treffpunkt f\u00fcr alle Ehemaligen\",\"publisher\":{\"@id\":\"https:\\\/\\\/mehr-sein-als-scheinen.de\\\/#organization\"},\"potentialAction\":[{\"@type\":\"SearchAction\",\"target\":{\"@type\":\"EntryPoint\",\"urlTemplate\":\"https:\\\/\\\/mehr-sein-als-scheinen.de\\\/?s={search_term_string}\"},\"query-input\":{\"@type\":\"PropertyValueSpecification\",\"valueRequired\":true,\"valueName\":\"search_term_string\"}}],\"inLanguage\":\"de\"},{\"@type\":\"Organization\",\"@id\":\"https:\\\/\\\/mehr-sein-als-scheinen.de\\\/#organization\",\"name\":\"Freiherr-vom-Stein-Schule Bochum\",\"url\":\"https:\\\/\\\/mehr-sein-als-scheinen.de\\\/\",\"logo\":{\"@type\":\"ImageObject\",\"inLanguage\":\"de\",\"@id\":\"https:\\\/\\\/mehr-sein-als-scheinen.de\\\/#\\\/schema\\\/logo\\\/image\\\/\",\"url\":\"https:\\\/\\\/mehr-sein-als-scheinen.de\\\/wp-content\\\/uploads\\\/2016\\\/09\\\/cropped-logo_fvs_575.png\",\"contentUrl\":\"https:\\\/\\\/mehr-sein-als-scheinen.de\\\/wp-content\\\/uploads\\\/2016\\\/09\\\/cropped-logo_fvs_575.png\",\"width\":512,\"height\":512,\"caption\":\"Freiherr-vom-Stein-Schule Bochum\"},\"image\":{\"@id\":\"https:\\\/\\\/mehr-sein-als-scheinen.de\\\/#\\\/schema\\\/logo\\\/image\\\/\"}},{\"@type\":\"Person\",\"@id\":\"https:\\\/\\\/mehr-sein-als-scheinen.de\\\/#\\\/schema\\\/person\\\/f5d5446bc01a6e800eb64c1984f646b6\",\"name\":\"admin\",\"image\":{\"@type\":\"ImageObject\",\"inLanguage\":\"de\",\"@id\":\"https:\\\/\\\/secure.gravatar.com\\\/avatar\\\/d56e6b7e54550f0bf8d5af95a63c5cc60e744e36d3f923509341891921e5aa07?s=96&d=mm&r=g\",\"url\":\"https:\\\/\\\/secure.gravatar.com\\\/avatar\\\/d56e6b7e54550f0bf8d5af95a63c5cc60e744e36d3f923509341891921e5aa07?s=96&d=mm&r=g\",\"contentUrl\":\"https:\\\/\\\/secure.gravatar.com\\\/avatar\\\/d56e6b7e54550f0bf8d5af95a63c5cc60e744e36d3f923509341891921e5aa07?s=96&d=mm&r=g\",\"caption\":\"admin\"},\"description\":\"1977 - 1983: Klasse 5a - 10a 1983 - 1985: Stufe 11 - 12, Abijahrgang 1986 1985 - 1987: Stufe 12 - 13, Abijahrgang 1987 heute: Diplom-Informatiker (FH)\",\"url\":\"https:\\\/\\\/mehr-sein-als-scheinen.de\\\/?author=1\"}]}<\/script>\n<!-- \/ Yoast SEO plugin. -->","yoast_head_json":{"title":"Treffen der Ehemaligen-Vereinigung am 02.10.2010 in der Stadtparkgastronomie - Freiherr-vom-Stein-Schule Bochum","robots":{"index":"index","follow":"follow","max-snippet":"max-snippet:-1","max-image-preview":"max-image-preview:large","max-video-preview":"max-video-preview:-1"},"canonical":"https:\/\/mehr-sein-als-scheinen.de\/?p=51","og_locale":"de_DE","og_type":"article","og_title":"Treffen der Ehemaligen-Vereinigung am 02.10.2010 in der Stadtparkgastronomie - Freiherr-vom-Stein-Schule Bochum","og_description":"Am Samstag, 2. Oktober 2010, ab 15 Uhr findet in der Stadtpark-Gastronomie, Klinikstra\u00dfe (fr\u00fcher Parkhaus) im Stadtpark Bochum \u0096 und zwar im \u0084Gartenzimmer\u0093 \u0096 das Jahrestreffen der Ehemaligen-Vereinigung statt. Dieses Gartenzimmer ist vom Eingangsbereich aus \u00fcber Lift oder Treppe nach unten erreichbar. Wir hoffen nicht nur auf gutes Wetter (das w\u00e4re ja z. B. ein ... weiterlesen &rarr;","og_url":"https:\/\/mehr-sein-als-scheinen.de\/?p=51","og_site_name":"Freiherr-vom-Stein-Schule Bochum","article_published_time":"2010-08-19T16:16:49+00:00","article_modified_time":"2011-08-17T20:48:55+00:00","author":"admin","twitter_card":"summary_large_image","twitter_misc":{"Verfasst von":"admin","Gesch\u00e4tzte Lesezeit":"1\u00a0Minute"},"schema":{"@context":"https:\/\/schema.org","@graph":[{"@type":"Article","@id":"https:\/\/mehr-sein-als-scheinen.de\/?p=51#article","isPartOf":{"@id":"https:\/\/mehr-sein-als-scheinen.de\/?p=51"},"author":{"name":"admin","@id":"https:\/\/mehr-sein-als-scheinen.de\/#\/schema\/person\/f5d5446bc01a6e800eb64c1984f646b6"},"headline":"Treffen der Ehemaligen-Vereinigung am 02.10.2010 in der Stadtparkgastronomie","datePublished":"2010-08-19T16:16:49+00:00","dateModified":"2011-08-17T20:48:55+00:00","mainEntityOfPage":{"@id":"https:\/\/mehr-sein-als-scheinen.de\/?p=51"},"wordCount":181,"commentCount":1,"publisher":{"@id":"https:\/\/mehr-sein-als-scheinen.de\/#organization"},"articleSection":["Schultreffen","Treffen","Vereinigung der Ehemaligen"],"inLanguage":"de","potentialAction":[{"@type":"CommentAction","name":"Comment","target":["https:\/\/mehr-sein-als-scheinen.de\/?p=51#respond"]}]},{"@type":"WebPage","@id":"https:\/\/mehr-sein-als-scheinen.de\/?p=51","url":"https:\/\/mehr-sein-als-scheinen.de\/?p=51","name":"Treffen der Ehemaligen-Vereinigung am 02.10.2010 in der Stadtparkgastronomie - Freiherr-vom-Stein-Schule Bochum","isPartOf":{"@id":"https:\/\/mehr-sein-als-scheinen.de\/#website"},"datePublished":"2010-08-19T16:16:49+00:00","dateModified":"2011-08-17T20:48:55+00:00","breadcrumb":{"@id":"https:\/\/mehr-sein-als-scheinen.de\/?p=51#breadcrumb"},"inLanguage":"de","potentialAction":[{"@type":"ReadAction","target":["https:\/\/mehr-sein-als-scheinen.de\/?p=51"]}]},{"@type":"BreadcrumbList","@id":"https:\/\/mehr-sein-als-scheinen.de\/?p=51#breadcrumb","itemListElement":[{"@type":"ListItem","position":1,"name":"Start","item":"https:\/\/mehr-sein-als-scheinen.de\/"},{"@type":"ListItem","position":2,"name":"Treffen der Ehemaligen-Vereinigung am 02.10.2010 in der Stadtparkgastronomie"}]},{"@type":"WebSite","@id":"https:\/\/mehr-sein-als-scheinen.de\/#website","url":"https:\/\/mehr-sein-als-scheinen.de\/","name":"Freiherr-vom-Stein-Schule Bochum","description":"Treffpunkt f\u00fcr alle Ehemaligen","publisher":{"@id":"https:\/\/mehr-sein-als-scheinen.de\/#organization"},"potentialAction":[{"@type":"SearchAction","target":{"@type":"EntryPoint","urlTemplate":"https:\/\/mehr-sein-als-scheinen.de\/?s={search_term_string}"},"query-input":{"@type":"PropertyValueSpecification","valueRequired":true,"valueName":"search_term_string"}}],"inLanguage":"de"},{"@type":"Organization","@id":"https:\/\/mehr-sein-als-scheinen.de\/#organization","name":"Freiherr-vom-Stein-Schule Bochum","url":"https:\/\/mehr-sein-als-scheinen.de\/","logo":{"@type":"ImageObject","inLanguage":"de","@id":"https:\/\/mehr-sein-als-scheinen.de\/#\/schema\/logo\/image\/","url":"https:\/\/mehr-sein-als-scheinen.de\/wp-content\/uploads\/2016\/09\/cropped-logo_fvs_575.png","contentUrl":"https:\/\/mehr-sein-als-scheinen.de\/wp-content\/uploads\/2016\/09\/cropped-logo_fvs_575.png","width":512,"height":512,"caption":"Freiherr-vom-Stein-Schule Bochum"},"image":{"@id":"https:\/\/mehr-sein-als-scheinen.de\/#\/schema\/logo\/image\/"}},{"@type":"Person","@id":"https:\/\/mehr-sein-als-scheinen.de\/#\/schema\/person\/f5d5446bc01a6e800eb64c1984f646b6","name":"admin","image":{"@type":"ImageObject","inLanguage":"de","@id":"https:\/\/secure.gravatar.com\/avatar\/d56e6b7e54550f0bf8d5af95a63c5cc60e744e36d3f923509341891921e5aa07?s=96&d=mm&r=g","url":"https:\/\/secure.gravatar.com\/avatar\/d56e6b7e54550f0bf8d5af95a63c5cc60e744e36d3f923509341891921e5aa07?s=96&d=mm&r=g","contentUrl":"https:\/\/secure.gravatar.com\/avatar\/d56e6b7e54550f0bf8d5af95a63c5cc60e744e36d3f923509341891921e5aa07?s=96&d=mm&r=g","caption":"admin"},"description":"1977 - 1983: Klasse 5a - 10a 1983 - 1985: Stufe 11 - 12, Abijahrgang 1986 1985 - 1987: Stufe 12 - 13, Abijahrgang 1987 heute: Diplom-Informatiker (FH)","url":"https:\/\/mehr-sein-als-scheinen.de\/?author=1"}]}},"_links":{"self":[{"href":"https:\/\/mehr-sein-als-scheinen.de\/index.php?rest_route=\/wp\/v2\/posts\/51","targetHints":{"allow":["GET"]}}],"collection":[{"href":"https:\/\/mehr-sein-als-scheinen.de\/index.php?rest_route=\/wp\/v2\/posts"}],"about":[{"href":"https:\/\/mehr-sein-als-scheinen.de\/index.php?rest_route=\/wp\/v2\/types\/post"}],"author":[{"embeddable":true,"href":"https:\/\/mehr-sein-als-scheinen.de\/index.php?rest_route=\/wp\/v2\/users\/1"}],"replies":[{"embeddable":true,"href":"https:\/\/mehr-sein-als-scheinen.de\/index.php?rest_route=%2Fwp%2Fv2%2Fcomments&post=51"}],"version-history":[{"count":0,"href":"https:\/\/mehr-sein-als-scheinen.de\/index.php?rest_route=\/wp\/v2\/posts\/51\/revisions"}],"wp:attachment":[{"href":"https:\/\/mehr-sein-als-scheinen.de\/index.php?rest_route=%2Fwp%2Fv2%2Fmedia&parent=51"}],"wp:term":[{"taxonomy":"category","embeddable":true,"href":"https:\/\/mehr-sein-als-scheinen.de\/index.php?rest_route=%2Fwp%2Fv2%2Fcategories&post=51"},{"taxonomy":"post_tag","embeddable":true,"href":"https:\/\/mehr-sein-als-scheinen.de\/index.php?rest_route=%2Fwp%2Fv2%2Ftags&post=51"}],"curies":[{"name":"wp","href":"https:\/\/api.w.org\/{rel}","templated":true}]}}