{"id":26,"date":"2007-05-24T14:49:23","date_gmt":"2007-05-24T13:49:23","guid":{"rendered":"http:\/\/mehr-sein-als-scheinen.de\/?p=26"},"modified":"2007-05-24T14:49:23","modified_gmt":"2007-05-24T13:49:23","slug":"endspurt","status":"publish","type":"post","link":"https:\/\/mehr-sein-als-scheinen.de\/?p=26","title":{"rendered":"Endspurt"},"content":{"rendered":"<p>So, Leute und -innen,<\/p>\n<p>in ca. 200 Stunden ist es soweit: das 20j\u00e4hrige Abitreffen findet statt.<\/p>\n<p>Wir haben sowohl G\u00e4ste wie auch Veranstaltungsort und Verpflegung (siehe vorige Beitr\u00e4ge), die genaue Anzahl l\u00e4\u00dft sich wie immer nicht festlegen, da wie \u00fcblich<\/p>\n<p>\u0095 Leute sich in die \"Sch\u00fcler\"-Liste, nicht aber in den G\u00e4stelisten-Thread eintragen;<br \/>\n\u0095 Leute anrufen und sagen, sie kommen, ohne sich <em>irgendwo<\/em> einzutragen;<br \/>\n\u0095 Leute das Ganze nur zur Kenntnis nehmen und ohne Voranmeldung kommen;<br \/>\n\u0095 Leute sich fr\u00fch \u00fcberall korrekt eintragen und dann den Termin vergessen. ;-)<\/p>\n<p>Na ja, macht ja nix, wir gehen davon aus, da\u00df gen\u00fcglich Grillgut vorhanden sein wird, so da\u00df wir bei Sonnenschein keinerlei Probleme logistischer Art erwarten. Bei Regen wird es spannend...<\/p>\n<p>Wir haben offiziell (das hei\u00dft also im G\u00e4stelisten-Thread) 48 Zusagen, wir werden also mal mit 50 Leuten planen; wenn's knapp wird, schie\u00dfen wir uns halt 'ne Taube oder so.<\/p>\n<p>Wer m\u00f6chte, kann nat\u00fcrlich gerne etwas Musike beisteuern (alles au\u00dfer 80er fliegt RAUS - war nur Spa\u00df), ansonsten nat\u00fcrlich Fottos, Andenken etc.<\/p>\n<p>Wir werden uns noch um kleine Namensschildchen bem\u00fchen (zwecks Identifizierung), und wenn wir ganz viel Zeit haben, statten wir die mit dem Bild des Betreffenden aus der Abizeitung aus (wird eine etwas pixelige Angelegenheit, aber besser als garnichts). F\u00fcr die Namen nehmen wir uns die Freiheit, die Ausgangsnamen (also die zum Zeitpunkt des Verlassens der Anstalt g\u00fcltigen) zu verwenden. Das erleichtert die Wiedererkennung ungemein, Ihr k\u00f6nnt uns glauben! :-)<\/p>\n<p>Wenn jetzt nix mehr dazwischen kommt, sehen wir uns Samstag!!!<\/p>\n<p>Gru\u00df<\/p>\n<p>Strauchatz<\/p>\n","protected":false},"excerpt":{"rendered":"<p>So, Leute und -innen, in ca. 200 Stunden ist es soweit: das 20j\u00e4hrige Abitreffen findet statt. Wir haben sowohl G\u00e4ste wie auch Veranstaltungsort und Verpflegung (siehe vorige Beitr\u00e4ge), die genaue Anzahl l\u00e4\u00dft sich wie immer nicht festlegen, da wie \u00fcblich \u0095 Leute sich in die \"Sch\u00fcler\"-Liste, nicht aber in den G\u00e4stelisten-Thread eintragen; \u0095 Leute anrufen <a class=\"read-more\" href=\"https:\/\/mehr-sein-als-scheinen.de\/?p=26\">... weiterlesen <span class=\"meta-nav\">&rarr;<\/span><\/a><\/p>\n","protected":false},"author":3,"featured_media":0,"comment_status":"open","ping_status":"open","sticky":false,"template":"","format":"standard","meta":{"footnotes":""},"categories":[4],"tags":[],"class_list":["post-26","post","type-post","status-publish","format-standard","hentry","category-abi-87-20jahriges"],"yoast_head":"<!-- This site is optimized with the Yoast SEO plugin v27.5 - https:\/\/yoast.com\/product\/yoast-seo-wordpress\/ -->\n<title>Endspurt - Freiherr-vom-Stein-Schule Bochum<\/title>\n<meta name=\"robots\" content=\"index, follow, max-snippet:-1, max-image-preview:large, max-video-preview:-1\" \/>\n<link rel=\"canonical\" href=\"https:\/\/mehr-sein-als-scheinen.de\/?p=26\" \/>\n<meta property=\"og:locale\" content=\"de_DE\" \/>\n<meta property=\"og:type\" content=\"article\" \/>\n<meta property=\"og:title\" content=\"Endspurt - Freiherr-vom-Stein-Schule Bochum\" \/>\n<meta property=\"og:description\" content=\"So, Leute und -innen, in ca. 200 Stunden ist es soweit: das 20j\u00e4hrige Abitreffen findet statt. Wir haben sowohl G\u00e4ste wie auch Veranstaltungsort und Verpflegung (siehe vorige Beitr\u00e4ge), die genaue Anzahl l\u00e4\u00dft sich wie immer nicht festlegen, da wie \u00fcblich \u0095 Leute sich in die &quot;Sch\u00fcler&quot;-Liste, nicht aber in den G\u00e4stelisten-Thread eintragen; \u0095 Leute anrufen ... weiterlesen &rarr;\" \/>\n<meta property=\"og:url\" content=\"https:\/\/mehr-sein-als-scheinen.de\/?p=26\" \/>\n<meta property=\"og:site_name\" content=\"Freiherr-vom-Stein-Schule Bochum\" \/>\n<meta property=\"article:published_time\" content=\"2007-05-24T13:49:23+00:00\" \/>\n<meta name=\"author\" content=\"MacStrass\" \/>\n<meta name=\"twitter:card\" content=\"summary_large_image\" \/>\n<meta name=\"twitter:label1\" content=\"Verfasst von\" \/>\n\t<meta name=\"twitter:data1\" content=\"MacStrass\" \/>\n\t<meta name=\"twitter:label2\" content=\"Gesch\u00e4tzte Lesezeit\" \/>\n\t<meta name=\"twitter:data2\" content=\"1\u00a0Minute\" \/>\n<script type=\"application\/ld+json\" class=\"yoast-schema-graph\">{\"@context\":\"https:\\\/\\\/schema.org\",\"@graph\":[{\"@type\":\"Article\",\"@id\":\"https:\\\/\\\/mehr-sein-als-scheinen.de\\\/?p=26#article\",\"isPartOf\":{\"@id\":\"https:\\\/\\\/mehr-sein-als-scheinen.de\\\/?p=26\"},\"author\":{\"name\":\"MacStrass\",\"@id\":\"https:\\\/\\\/mehr-sein-als-scheinen.de\\\/#\\\/schema\\\/person\\\/69fbbc7ee024b7fe58779067fd3992ba\"},\"headline\":\"Endspurt\",\"datePublished\":\"2007-05-24T13:49:23+00:00\",\"mainEntityOfPage\":{\"@id\":\"https:\\\/\\\/mehr-sein-als-scheinen.de\\\/?p=26\"},\"wordCount\":265,\"commentCount\":3,\"publisher\":{\"@id\":\"https:\\\/\\\/mehr-sein-als-scheinen.de\\\/#organization\"},\"articleSection\":[\"Abi 87\"],\"inLanguage\":\"de\",\"potentialAction\":[{\"@type\":\"CommentAction\",\"name\":\"Comment\",\"target\":[\"https:\\\/\\\/mehr-sein-als-scheinen.de\\\/?p=26#respond\"]}]},{\"@type\":\"WebPage\",\"@id\":\"https:\\\/\\\/mehr-sein-als-scheinen.de\\\/?p=26\",\"url\":\"https:\\\/\\\/mehr-sein-als-scheinen.de\\\/?p=26\",\"name\":\"Endspurt - Freiherr-vom-Stein-Schule Bochum\",\"isPartOf\":{\"@id\":\"https:\\\/\\\/mehr-sein-als-scheinen.de\\\/#website\"},\"datePublished\":\"2007-05-24T13:49:23+00:00\",\"breadcrumb\":{\"@id\":\"https:\\\/\\\/mehr-sein-als-scheinen.de\\\/?p=26#breadcrumb\"},\"inLanguage\":\"de\",\"potentialAction\":[{\"@type\":\"ReadAction\",\"target\":[\"https:\\\/\\\/mehr-sein-als-scheinen.de\\\/?p=26\"]}]},{\"@type\":\"BreadcrumbList\",\"@id\":\"https:\\\/\\\/mehr-sein-als-scheinen.de\\\/?p=26#breadcrumb\",\"itemListElement\":[{\"@type\":\"ListItem\",\"position\":1,\"name\":\"Start\",\"item\":\"https:\\\/\\\/mehr-sein-als-scheinen.de\\\/\"},{\"@type\":\"ListItem\",\"position\":2,\"name\":\"Endspurt\"}]},{\"@type\":\"WebSite\",\"@id\":\"https:\\\/\\\/mehr-sein-als-scheinen.de\\\/#website\",\"url\":\"https:\\\/\\\/mehr-sein-als-scheinen.de\\\/\",\"name\":\"Freiherr-vom-Stein-Schule Bochum\",\"description\":\"Treffpunkt f\u00fcr alle Ehemaligen\",\"publisher\":{\"@id\":\"https:\\\/\\\/mehr-sein-als-scheinen.de\\\/#organization\"},\"potentialAction\":[{\"@type\":\"SearchAction\",\"target\":{\"@type\":\"EntryPoint\",\"urlTemplate\":\"https:\\\/\\\/mehr-sein-als-scheinen.de\\\/?s={search_term_string}\"},\"query-input\":{\"@type\":\"PropertyValueSpecification\",\"valueRequired\":true,\"valueName\":\"search_term_string\"}}],\"inLanguage\":\"de\"},{\"@type\":\"Organization\",\"@id\":\"https:\\\/\\\/mehr-sein-als-scheinen.de\\\/#organization\",\"name\":\"Freiherr-vom-Stein-Schule Bochum\",\"url\":\"https:\\\/\\\/mehr-sein-als-scheinen.de\\\/\",\"logo\":{\"@type\":\"ImageObject\",\"inLanguage\":\"de\",\"@id\":\"https:\\\/\\\/mehr-sein-als-scheinen.de\\\/#\\\/schema\\\/logo\\\/image\\\/\",\"url\":\"https:\\\/\\\/mehr-sein-als-scheinen.de\\\/wp-content\\\/uploads\\\/2016\\\/09\\\/cropped-logo_fvs_575.png\",\"contentUrl\":\"https:\\\/\\\/mehr-sein-als-scheinen.de\\\/wp-content\\\/uploads\\\/2016\\\/09\\\/cropped-logo_fvs_575.png\",\"width\":512,\"height\":512,\"caption\":\"Freiherr-vom-Stein-Schule Bochum\"},\"image\":{\"@id\":\"https:\\\/\\\/mehr-sein-als-scheinen.de\\\/#\\\/schema\\\/logo\\\/image\\\/\"}},{\"@type\":\"Person\",\"@id\":\"https:\\\/\\\/mehr-sein-als-scheinen.de\\\/#\\\/schema\\\/person\\\/69fbbc7ee024b7fe58779067fd3992ba\",\"name\":\"MacStrass\",\"image\":{\"@type\":\"ImageObject\",\"inLanguage\":\"de\",\"@id\":\"https:\\\/\\\/secure.gravatar.com\\\/avatar\\\/2d014238132ab830263be8955067cb600cac01646247a85a4f79a3ebf1d9fd11?s=96&d=mm&r=g\",\"url\":\"https:\\\/\\\/secure.gravatar.com\\\/avatar\\\/2d014238132ab830263be8955067cb600cac01646247a85a4f79a3ebf1d9fd11?s=96&d=mm&r=g\",\"contentUrl\":\"https:\\\/\\\/secure.gravatar.com\\\/avatar\\\/2d014238132ab830263be8955067cb600cac01646247a85a4f79a3ebf1d9fd11?s=96&d=mm&r=g\",\"caption\":\"MacStrass\"},\"url\":\"https:\\\/\\\/mehr-sein-als-scheinen.de\\\/?author=3\"}]}<\/script>\n<!-- \/ Yoast SEO plugin. -->","yoast_head_json":{"title":"Endspurt - Freiherr-vom-Stein-Schule Bochum","robots":{"index":"index","follow":"follow","max-snippet":"max-snippet:-1","max-image-preview":"max-image-preview:large","max-video-preview":"max-video-preview:-1"},"canonical":"https:\/\/mehr-sein-als-scheinen.de\/?p=26","og_locale":"de_DE","og_type":"article","og_title":"Endspurt - Freiherr-vom-Stein-Schule Bochum","og_description":"So, Leute und -innen, in ca. 200 Stunden ist es soweit: das 20j\u00e4hrige Abitreffen findet statt. Wir haben sowohl G\u00e4ste wie auch Veranstaltungsort und Verpflegung (siehe vorige Beitr\u00e4ge), die genaue Anzahl l\u00e4\u00dft sich wie immer nicht festlegen, da wie \u00fcblich \u0095 Leute sich in die \"Sch\u00fcler\"-Liste, nicht aber in den G\u00e4stelisten-Thread eintragen; \u0095 Leute anrufen ... weiterlesen &rarr;","og_url":"https:\/\/mehr-sein-als-scheinen.de\/?p=26","og_site_name":"Freiherr-vom-Stein-Schule Bochum","article_published_time":"2007-05-24T13:49:23+00:00","author":"MacStrass","twitter_card":"summary_large_image","twitter_misc":{"Verfasst von":"MacStrass","Gesch\u00e4tzte Lesezeit":"1\u00a0Minute"},"schema":{"@context":"https:\/\/schema.org","@graph":[{"@type":"Article","@id":"https:\/\/mehr-sein-als-scheinen.de\/?p=26#article","isPartOf":{"@id":"https:\/\/mehr-sein-als-scheinen.de\/?p=26"},"author":{"name":"MacStrass","@id":"https:\/\/mehr-sein-als-scheinen.de\/#\/schema\/person\/69fbbc7ee024b7fe58779067fd3992ba"},"headline":"Endspurt","datePublished":"2007-05-24T13:49:23+00:00","mainEntityOfPage":{"@id":"https:\/\/mehr-sein-als-scheinen.de\/?p=26"},"wordCount":265,"commentCount":3,"publisher":{"@id":"https:\/\/mehr-sein-als-scheinen.de\/#organization"},"articleSection":["Abi 87"],"inLanguage":"de","potentialAction":[{"@type":"CommentAction","name":"Comment","target":["https:\/\/mehr-sein-als-scheinen.de\/?p=26#respond"]}]},{"@type":"WebPage","@id":"https:\/\/mehr-sein-als-scheinen.de\/?p=26","url":"https:\/\/mehr-sein-als-scheinen.de\/?p=26","name":"Endspurt - Freiherr-vom-Stein-Schule Bochum","isPartOf":{"@id":"https:\/\/mehr-sein-als-scheinen.de\/#website"},"datePublished":"2007-05-24T13:49:23+00:00","breadcrumb":{"@id":"https:\/\/mehr-sein-als-scheinen.de\/?p=26#breadcrumb"},"inLanguage":"de","potentialAction":[{"@type":"ReadAction","target":["https:\/\/mehr-sein-als-scheinen.de\/?p=26"]}]},{"@type":"BreadcrumbList","@id":"https:\/\/mehr-sein-als-scheinen.de\/?p=26#breadcrumb","itemListElement":[{"@type":"ListItem","position":1,"name":"Start","item":"https:\/\/mehr-sein-als-scheinen.de\/"},{"@type":"ListItem","position":2,"name":"Endspurt"}]},{"@type":"WebSite","@id":"https:\/\/mehr-sein-als-scheinen.de\/#website","url":"https:\/\/mehr-sein-als-scheinen.de\/","name":"Freiherr-vom-Stein-Schule Bochum","description":"Treffpunkt f\u00fcr alle Ehemaligen","publisher":{"@id":"https:\/\/mehr-sein-als-scheinen.de\/#organization"},"potentialAction":[{"@type":"SearchAction","target":{"@type":"EntryPoint","urlTemplate":"https:\/\/mehr-sein-als-scheinen.de\/?s={search_term_string}"},"query-input":{"@type":"PropertyValueSpecification","valueRequired":true,"valueName":"search_term_string"}}],"inLanguage":"de"},{"@type":"Organization","@id":"https:\/\/mehr-sein-als-scheinen.de\/#organization","name":"Freiherr-vom-Stein-Schule Bochum","url":"https:\/\/mehr-sein-als-scheinen.de\/","logo":{"@type":"ImageObject","inLanguage":"de","@id":"https:\/\/mehr-sein-als-scheinen.de\/#\/schema\/logo\/image\/","url":"https:\/\/mehr-sein-als-scheinen.de\/wp-content\/uploads\/2016\/09\/cropped-logo_fvs_575.png","contentUrl":"https:\/\/mehr-sein-als-scheinen.de\/wp-content\/uploads\/2016\/09\/cropped-logo_fvs_575.png","width":512,"height":512,"caption":"Freiherr-vom-Stein-Schule Bochum"},"image":{"@id":"https:\/\/mehr-sein-als-scheinen.de\/#\/schema\/logo\/image\/"}},{"@type":"Person","@id":"https:\/\/mehr-sein-als-scheinen.de\/#\/schema\/person\/69fbbc7ee024b7fe58779067fd3992ba","name":"MacStrass","image":{"@type":"ImageObject","inLanguage":"de","@id":"https:\/\/secure.gravatar.com\/avatar\/2d014238132ab830263be8955067cb600cac01646247a85a4f79a3ebf1d9fd11?s=96&d=mm&r=g","url":"https:\/\/secure.gravatar.com\/avatar\/2d014238132ab830263be8955067cb600cac01646247a85a4f79a3ebf1d9fd11?s=96&d=mm&r=g","contentUrl":"https:\/\/secure.gravatar.com\/avatar\/2d014238132ab830263be8955067cb600cac01646247a85a4f79a3ebf1d9fd11?s=96&d=mm&r=g","caption":"MacStrass"},"url":"https:\/\/mehr-sein-als-scheinen.de\/?author=3"}]}},"_links":{"self":[{"href":"https:\/\/mehr-sein-als-scheinen.de\/index.php?rest_route=\/wp\/v2\/posts\/26","targetHints":{"allow":["GET"]}}],"collection":[{"href":"https:\/\/mehr-sein-als-scheinen.de\/index.php?rest_route=\/wp\/v2\/posts"}],"about":[{"href":"https:\/\/mehr-sein-als-scheinen.de\/index.php?rest_route=\/wp\/v2\/types\/post"}],"author":[{"embeddable":true,"href":"https:\/\/mehr-sein-als-scheinen.de\/index.php?rest_route=\/wp\/v2\/users\/3"}],"replies":[{"embeddable":true,"href":"https:\/\/mehr-sein-als-scheinen.de\/index.php?rest_route=%2Fwp%2Fv2%2Fcomments&post=26"}],"version-history":[{"count":0,"href":"https:\/\/mehr-sein-als-scheinen.de\/index.php?rest_route=\/wp\/v2\/posts\/26\/revisions"}],"wp:attachment":[{"href":"https:\/\/mehr-sein-als-scheinen.de\/index.php?rest_route=%2Fwp%2Fv2%2Fmedia&parent=26"}],"wp:term":[{"taxonomy":"category","embeddable":true,"href":"https:\/\/mehr-sein-als-scheinen.de\/index.php?rest_route=%2Fwp%2Fv2%2Fcategories&post=26"},{"taxonomy":"post_tag","embeddable":true,"href":"https:\/\/mehr-sein-als-scheinen.de\/index.php?rest_route=%2Fwp%2Fv2%2Ftags&post=26"}],"curies":[{"name":"wp","href":"https:\/\/api.w.org\/{rel}","templated":true}]}}