{"id":18,"date":"2006-12-07T15:28:11","date_gmt":"2006-12-07T13:28:11","guid":{"rendered":"http:\/\/mehr-sein-als-scheinen.de\/?p=18"},"modified":"2021-11-04T18:20:53","modified_gmt":"2021-11-04T16:20:53","slug":"neues-zum-problemfeld-ort-des-abitreffens-2007","status":"publish","type":"post","link":"https:\/\/mehr-sein-als-scheinen.de\/?p=18","title":{"rendered":"Neues zum Problemfeld &#8222;Ort des Abitreffens 2007&#8220;"},"content":{"rendered":"<p>So, Leute, Neuigkeiten:<\/p>\n<p>Iris hat mit dem Direx der B\u00f6llschen Lehranstalt verhandelt, dieser zeigte sich lt. Ihrer Aussage auch recht kooperativ.<\/p>\n<p>Im Gegensatz zum Hausmeister, der sich keinesfalls \u00fcber ein Ende der Feierlichkeiten nach 22:00 Uhr hinaushandeln lassen wollte.<\/p>\n<p>Da wir das etwas <i>zu<\/i> fr\u00fch fanden (schlie\u00dflich beginnt das Aktuelle Sportstudio erst etwas sp\u00e4ter), haben wir von weiteren Bem\u00fchungen in dieser Richtung Abstand genommen und sind auf Plan B, der ja urspr\u00fcnglich sowieso Plan A war, zur\u00fcckgefallen, n\u00e4mlich eine Anberaumung der Festivit\u00e4t im Sportheim von Arminia Bochum (auf dem Schulsportplatz).<\/p>\n<p>Ruchi und ich machen sich da jetzt mal schlau, wir halten Euch auf dem Laufenden.<\/p>\n<p>Bleiben Sie dran! ;-)<\/p>\n","protected":false},"excerpt":{"rendered":"<p>So, Leute, Neuigkeiten: Iris hat mit dem Direx der B\u00f6llschen Lehranstalt verhandelt, dieser zeigte sich lt. Ihrer Aussage auch recht kooperativ. Im Gegensatz zum Hausmeister, der sich keinesfalls \u00fcber ein Ende der Feierlichkeiten nach 22:00 Uhr hinaushandeln lassen wollte. Da wir das etwas zu fr\u00fch fanden (schlie\u00dflich beginnt das Aktuelle Sportstudio erst etwas sp\u00e4ter), haben <a class=\"read-more\" href=\"https:\/\/mehr-sein-als-scheinen.de\/?p=18\">... weiterlesen <span class=\"meta-nav\">&rarr;<\/span><\/a><\/p>\n","protected":false},"author":3,"featured_media":0,"comment_status":"open","ping_status":"open","sticky":false,"template":"","format":"standard","meta":{"footnotes":""},"categories":[4,2],"tags":[],"class_list":["post-18","post","type-post","status-publish","format-standard","hentry","category-abi-87-20jahriges","category-treffen"],"yoast_head":"<!-- This site is optimized with the Yoast SEO plugin v27.5 - https:\/\/yoast.com\/product\/yoast-seo-wordpress\/ -->\n<title>Neues zum Problemfeld &quot;Ort des Abitreffens 2007&quot; - Freiherr-vom-Stein-Schule Bochum<\/title>\n<meta name=\"robots\" content=\"index, follow, max-snippet:-1, max-image-preview:large, max-video-preview:-1\" \/>\n<link rel=\"canonical\" href=\"https:\/\/mehr-sein-als-scheinen.de\/?p=18\" \/>\n<meta property=\"og:locale\" content=\"de_DE\" \/>\n<meta property=\"og:type\" content=\"article\" \/>\n<meta property=\"og:title\" content=\"Neues zum Problemfeld &quot;Ort des Abitreffens 2007&quot; - Freiherr-vom-Stein-Schule Bochum\" \/>\n<meta property=\"og:description\" content=\"So, Leute, Neuigkeiten: Iris hat mit dem Direx der B\u00f6llschen Lehranstalt verhandelt, dieser zeigte sich lt. Ihrer Aussage auch recht kooperativ. Im Gegensatz zum Hausmeister, der sich keinesfalls \u00fcber ein Ende der Feierlichkeiten nach 22:00 Uhr hinaushandeln lassen wollte. Da wir das etwas zu fr\u00fch fanden (schlie\u00dflich beginnt das Aktuelle Sportstudio erst etwas sp\u00e4ter), haben ... weiterlesen &rarr;\" \/>\n<meta property=\"og:url\" content=\"https:\/\/mehr-sein-als-scheinen.de\/?p=18\" \/>\n<meta property=\"og:site_name\" content=\"Freiherr-vom-Stein-Schule Bochum\" \/>\n<meta property=\"article:published_time\" content=\"2006-12-07T13:28:11+00:00\" \/>\n<meta property=\"article:modified_time\" content=\"2021-11-04T16:20:53+00:00\" \/>\n<meta name=\"author\" content=\"MacStrass\" \/>\n<meta name=\"twitter:card\" content=\"summary_large_image\" \/>\n<meta name=\"twitter:label1\" content=\"Verfasst von\" \/>\n\t<meta name=\"twitter:data1\" content=\"MacStrass\" \/>\n\t<meta name=\"twitter:label2\" content=\"Gesch\u00e4tzte Lesezeit\" \/>\n\t<meta name=\"twitter:data2\" content=\"1\u00a0Minute\" \/>\n<script type=\"application\/ld+json\" class=\"yoast-schema-graph\">{\"@context\":\"https:\\\/\\\/schema.org\",\"@graph\":[{\"@type\":\"Article\",\"@id\":\"https:\\\/\\\/mehr-sein-als-scheinen.de\\\/?p=18#article\",\"isPartOf\":{\"@id\":\"https:\\\/\\\/mehr-sein-als-scheinen.de\\\/?p=18\"},\"author\":{\"name\":\"MacStrass\",\"@id\":\"https:\\\/\\\/mehr-sein-als-scheinen.de\\\/#\\\/schema\\\/person\\\/69fbbc7ee024b7fe58779067fd3992ba\"},\"headline\":\"Neues zum Problemfeld &#8222;Ort des Abitreffens 2007&#8220;\",\"datePublished\":\"2006-12-07T13:28:11+00:00\",\"dateModified\":\"2021-11-04T16:20:53+00:00\",\"mainEntityOfPage\":{\"@id\":\"https:\\\/\\\/mehr-sein-als-scheinen.de\\\/?p=18\"},\"wordCount\":123,\"commentCount\":0,\"publisher\":{\"@id\":\"https:\\\/\\\/mehr-sein-als-scheinen.de\\\/#organization\"},\"articleSection\":[\"Abi 87\",\"Treffen\"],\"inLanguage\":\"de\",\"potentialAction\":[{\"@type\":\"CommentAction\",\"name\":\"Comment\",\"target\":[\"https:\\\/\\\/mehr-sein-als-scheinen.de\\\/?p=18#respond\"]}]},{\"@type\":\"WebPage\",\"@id\":\"https:\\\/\\\/mehr-sein-als-scheinen.de\\\/?p=18\",\"url\":\"https:\\\/\\\/mehr-sein-als-scheinen.de\\\/?p=18\",\"name\":\"Neues zum Problemfeld \\\"Ort des Abitreffens 2007\\\" - Freiherr-vom-Stein-Schule Bochum\",\"isPartOf\":{\"@id\":\"https:\\\/\\\/mehr-sein-als-scheinen.de\\\/#website\"},\"datePublished\":\"2006-12-07T13:28:11+00:00\",\"dateModified\":\"2021-11-04T16:20:53+00:00\",\"breadcrumb\":{\"@id\":\"https:\\\/\\\/mehr-sein-als-scheinen.de\\\/?p=18#breadcrumb\"},\"inLanguage\":\"de\",\"potentialAction\":[{\"@type\":\"ReadAction\",\"target\":[\"https:\\\/\\\/mehr-sein-als-scheinen.de\\\/?p=18\"]}]},{\"@type\":\"BreadcrumbList\",\"@id\":\"https:\\\/\\\/mehr-sein-als-scheinen.de\\\/?p=18#breadcrumb\",\"itemListElement\":[{\"@type\":\"ListItem\",\"position\":1,\"name\":\"Start\",\"item\":\"https:\\\/\\\/mehr-sein-als-scheinen.de\\\/\"},{\"@type\":\"ListItem\",\"position\":2,\"name\":\"Neues zum Problemfeld &#8222;Ort des Abitreffens 2007&#8220;\"}]},{\"@type\":\"WebSite\",\"@id\":\"https:\\\/\\\/mehr-sein-als-scheinen.de\\\/#website\",\"url\":\"https:\\\/\\\/mehr-sein-als-scheinen.de\\\/\",\"name\":\"Freiherr-vom-Stein-Schule Bochum\",\"description\":\"Treffpunkt f\u00fcr alle Ehemaligen\",\"publisher\":{\"@id\":\"https:\\\/\\\/mehr-sein-als-scheinen.de\\\/#organization\"},\"potentialAction\":[{\"@type\":\"SearchAction\",\"target\":{\"@type\":\"EntryPoint\",\"urlTemplate\":\"https:\\\/\\\/mehr-sein-als-scheinen.de\\\/?s={search_term_string}\"},\"query-input\":{\"@type\":\"PropertyValueSpecification\",\"valueRequired\":true,\"valueName\":\"search_term_string\"}}],\"inLanguage\":\"de\"},{\"@type\":\"Organization\",\"@id\":\"https:\\\/\\\/mehr-sein-als-scheinen.de\\\/#organization\",\"name\":\"Freiherr-vom-Stein-Schule Bochum\",\"url\":\"https:\\\/\\\/mehr-sein-als-scheinen.de\\\/\",\"logo\":{\"@type\":\"ImageObject\",\"inLanguage\":\"de\",\"@id\":\"https:\\\/\\\/mehr-sein-als-scheinen.de\\\/#\\\/schema\\\/logo\\\/image\\\/\",\"url\":\"https:\\\/\\\/mehr-sein-als-scheinen.de\\\/wp-content\\\/uploads\\\/2016\\\/09\\\/cropped-logo_fvs_575.png\",\"contentUrl\":\"https:\\\/\\\/mehr-sein-als-scheinen.de\\\/wp-content\\\/uploads\\\/2016\\\/09\\\/cropped-logo_fvs_575.png\",\"width\":512,\"height\":512,\"caption\":\"Freiherr-vom-Stein-Schule Bochum\"},\"image\":{\"@id\":\"https:\\\/\\\/mehr-sein-als-scheinen.de\\\/#\\\/schema\\\/logo\\\/image\\\/\"}},{\"@type\":\"Person\",\"@id\":\"https:\\\/\\\/mehr-sein-als-scheinen.de\\\/#\\\/schema\\\/person\\\/69fbbc7ee024b7fe58779067fd3992ba\",\"name\":\"MacStrass\",\"image\":{\"@type\":\"ImageObject\",\"inLanguage\":\"de\",\"@id\":\"https:\\\/\\\/secure.gravatar.com\\\/avatar\\\/2d014238132ab830263be8955067cb600cac01646247a85a4f79a3ebf1d9fd11?s=96&d=mm&r=g\",\"url\":\"https:\\\/\\\/secure.gravatar.com\\\/avatar\\\/2d014238132ab830263be8955067cb600cac01646247a85a4f79a3ebf1d9fd11?s=96&d=mm&r=g\",\"contentUrl\":\"https:\\\/\\\/secure.gravatar.com\\\/avatar\\\/2d014238132ab830263be8955067cb600cac01646247a85a4f79a3ebf1d9fd11?s=96&d=mm&r=g\",\"caption\":\"MacStrass\"},\"url\":\"https:\\\/\\\/mehr-sein-als-scheinen.de\\\/?author=3\"}]}<\/script>\n<!-- \/ Yoast SEO plugin. -->","yoast_head_json":{"title":"Neues zum Problemfeld \"Ort des Abitreffens 2007\" - Freiherr-vom-Stein-Schule Bochum","robots":{"index":"index","follow":"follow","max-snippet":"max-snippet:-1","max-image-preview":"max-image-preview:large","max-video-preview":"max-video-preview:-1"},"canonical":"https:\/\/mehr-sein-als-scheinen.de\/?p=18","og_locale":"de_DE","og_type":"article","og_title":"Neues zum Problemfeld \"Ort des Abitreffens 2007\" - Freiherr-vom-Stein-Schule Bochum","og_description":"So, Leute, Neuigkeiten: Iris hat mit dem Direx der B\u00f6llschen Lehranstalt verhandelt, dieser zeigte sich lt. Ihrer Aussage auch recht kooperativ. Im Gegensatz zum Hausmeister, der sich keinesfalls \u00fcber ein Ende der Feierlichkeiten nach 22:00 Uhr hinaushandeln lassen wollte. Da wir das etwas zu fr\u00fch fanden (schlie\u00dflich beginnt das Aktuelle Sportstudio erst etwas sp\u00e4ter), haben ... weiterlesen &rarr;","og_url":"https:\/\/mehr-sein-als-scheinen.de\/?p=18","og_site_name":"Freiherr-vom-Stein-Schule Bochum","article_published_time":"2006-12-07T13:28:11+00:00","article_modified_time":"2021-11-04T16:20:53+00:00","author":"MacStrass","twitter_card":"summary_large_image","twitter_misc":{"Verfasst von":"MacStrass","Gesch\u00e4tzte Lesezeit":"1\u00a0Minute"},"schema":{"@context":"https:\/\/schema.org","@graph":[{"@type":"Article","@id":"https:\/\/mehr-sein-als-scheinen.de\/?p=18#article","isPartOf":{"@id":"https:\/\/mehr-sein-als-scheinen.de\/?p=18"},"author":{"name":"MacStrass","@id":"https:\/\/mehr-sein-als-scheinen.de\/#\/schema\/person\/69fbbc7ee024b7fe58779067fd3992ba"},"headline":"Neues zum Problemfeld &#8222;Ort des Abitreffens 2007&#8220;","datePublished":"2006-12-07T13:28:11+00:00","dateModified":"2021-11-04T16:20:53+00:00","mainEntityOfPage":{"@id":"https:\/\/mehr-sein-als-scheinen.de\/?p=18"},"wordCount":123,"commentCount":0,"publisher":{"@id":"https:\/\/mehr-sein-als-scheinen.de\/#organization"},"articleSection":["Abi 87","Treffen"],"inLanguage":"de","potentialAction":[{"@type":"CommentAction","name":"Comment","target":["https:\/\/mehr-sein-als-scheinen.de\/?p=18#respond"]}]},{"@type":"WebPage","@id":"https:\/\/mehr-sein-als-scheinen.de\/?p=18","url":"https:\/\/mehr-sein-als-scheinen.de\/?p=18","name":"Neues zum Problemfeld \"Ort des Abitreffens 2007\" - Freiherr-vom-Stein-Schule Bochum","isPartOf":{"@id":"https:\/\/mehr-sein-als-scheinen.de\/#website"},"datePublished":"2006-12-07T13:28:11+00:00","dateModified":"2021-11-04T16:20:53+00:00","breadcrumb":{"@id":"https:\/\/mehr-sein-als-scheinen.de\/?p=18#breadcrumb"},"inLanguage":"de","potentialAction":[{"@type":"ReadAction","target":["https:\/\/mehr-sein-als-scheinen.de\/?p=18"]}]},{"@type":"BreadcrumbList","@id":"https:\/\/mehr-sein-als-scheinen.de\/?p=18#breadcrumb","itemListElement":[{"@type":"ListItem","position":1,"name":"Start","item":"https:\/\/mehr-sein-als-scheinen.de\/"},{"@type":"ListItem","position":2,"name":"Neues zum Problemfeld &#8222;Ort des Abitreffens 2007&#8220;"}]},{"@type":"WebSite","@id":"https:\/\/mehr-sein-als-scheinen.de\/#website","url":"https:\/\/mehr-sein-als-scheinen.de\/","name":"Freiherr-vom-Stein-Schule Bochum","description":"Treffpunkt f\u00fcr alle Ehemaligen","publisher":{"@id":"https:\/\/mehr-sein-als-scheinen.de\/#organization"},"potentialAction":[{"@type":"SearchAction","target":{"@type":"EntryPoint","urlTemplate":"https:\/\/mehr-sein-als-scheinen.de\/?s={search_term_string}"},"query-input":{"@type":"PropertyValueSpecification","valueRequired":true,"valueName":"search_term_string"}}],"inLanguage":"de"},{"@type":"Organization","@id":"https:\/\/mehr-sein-als-scheinen.de\/#organization","name":"Freiherr-vom-Stein-Schule Bochum","url":"https:\/\/mehr-sein-als-scheinen.de\/","logo":{"@type":"ImageObject","inLanguage":"de","@id":"https:\/\/mehr-sein-als-scheinen.de\/#\/schema\/logo\/image\/","url":"https:\/\/mehr-sein-als-scheinen.de\/wp-content\/uploads\/2016\/09\/cropped-logo_fvs_575.png","contentUrl":"https:\/\/mehr-sein-als-scheinen.de\/wp-content\/uploads\/2016\/09\/cropped-logo_fvs_575.png","width":512,"height":512,"caption":"Freiherr-vom-Stein-Schule Bochum"},"image":{"@id":"https:\/\/mehr-sein-als-scheinen.de\/#\/schema\/logo\/image\/"}},{"@type":"Person","@id":"https:\/\/mehr-sein-als-scheinen.de\/#\/schema\/person\/69fbbc7ee024b7fe58779067fd3992ba","name":"MacStrass","image":{"@type":"ImageObject","inLanguage":"de","@id":"https:\/\/secure.gravatar.com\/avatar\/2d014238132ab830263be8955067cb600cac01646247a85a4f79a3ebf1d9fd11?s=96&d=mm&r=g","url":"https:\/\/secure.gravatar.com\/avatar\/2d014238132ab830263be8955067cb600cac01646247a85a4f79a3ebf1d9fd11?s=96&d=mm&r=g","contentUrl":"https:\/\/secure.gravatar.com\/avatar\/2d014238132ab830263be8955067cb600cac01646247a85a4f79a3ebf1d9fd11?s=96&d=mm&r=g","caption":"MacStrass"},"url":"https:\/\/mehr-sein-als-scheinen.de\/?author=3"}]}},"_links":{"self":[{"href":"https:\/\/mehr-sein-als-scheinen.de\/index.php?rest_route=\/wp\/v2\/posts\/18","targetHints":{"allow":["GET"]}}],"collection":[{"href":"https:\/\/mehr-sein-als-scheinen.de\/index.php?rest_route=\/wp\/v2\/posts"}],"about":[{"href":"https:\/\/mehr-sein-als-scheinen.de\/index.php?rest_route=\/wp\/v2\/types\/post"}],"author":[{"embeddable":true,"href":"https:\/\/mehr-sein-als-scheinen.de\/index.php?rest_route=\/wp\/v2\/users\/3"}],"replies":[{"embeddable":true,"href":"https:\/\/mehr-sein-als-scheinen.de\/index.php?rest_route=%2Fwp%2Fv2%2Fcomments&post=18"}],"version-history":[{"count":1,"href":"https:\/\/mehr-sein-als-scheinen.de\/index.php?rest_route=\/wp\/v2\/posts\/18\/revisions"}],"predecessor-version":[{"id":158,"href":"https:\/\/mehr-sein-als-scheinen.de\/index.php?rest_route=\/wp\/v2\/posts\/18\/revisions\/158"}],"wp:attachment":[{"href":"https:\/\/mehr-sein-als-scheinen.de\/index.php?rest_route=%2Fwp%2Fv2%2Fmedia&parent=18"}],"wp:term":[{"taxonomy":"category","embeddable":true,"href":"https:\/\/mehr-sein-als-scheinen.de\/index.php?rest_route=%2Fwp%2Fv2%2Fcategories&post=18"},{"taxonomy":"post_tag","embeddable":true,"href":"https:\/\/mehr-sein-als-scheinen.de\/index.php?rest_route=%2Fwp%2Fv2%2Ftags&post=18"}],"curies":[{"name":"wp","href":"https:\/\/api.w.org\/{rel}","templated":true}]}}