{"id":14,"date":"2006-11-03T14:35:33","date_gmt":"2006-11-03T12:35:33","guid":{"rendered":"http:\/\/mehr-sein-als-scheinen.de\/2006\/11\/03\/oder-warum-die-technik-nicht-immer-mitspielt\/"},"modified":"2006-11-03T15:03:38","modified_gmt":"2006-11-03T13:03:38","slug":"oder-warum-die-technik-nicht-immer-mitspielt","status":"publish","type":"post","link":"https:\/\/mehr-sein-als-scheinen.de\/?p=14","title":{"rendered":"*!?$%# &#8211; oder: warum die Technik nicht immer mitspielt&#8230;"},"content":{"rendered":"<p>Nach einem Hinweis unseres gesch\u00e4tzten Kollegen Stoltefu\u00df, seines Zeichens selbst Webmaster einer der <a href=\"http:\/\/www.mamma-halblang.de\">erstaunlichsten Seiten des Universums<\/a>, ist es unter gewissen Umst\u00e4nden m\u00f6glich, da\u00df am Kopf unserer sch\u00f6nen Page <b>keine<\/b> Men\u00fcleiste sichtbar ist.<\/p>\n<p>Also: falls Eure Surfmaschine nicht die Men\u00fcpunkte \"Startseite\", \"F.A.Q.\", \"Sch\u00fcler\" und \"Lehrer\" anzeigen sollte, die sich im orangenen Bereich der H\u00e4ndesch\u00fcttler befinden, la\u00dft es uns bitte umgehend wissen.<\/p>\n<p>Am besten einfach einen Kommentar zu diesem Beitrag posten oder eine eMail an Ruchi oder mich senden.<\/p>\n","protected":false},"excerpt":{"rendered":"<p>Nach einem Hinweis unseres gesch\u00e4tzten Kollegen Stoltefu\u00df, seines Zeichens selbst Webmaster einer der erstaunlichsten Seiten des Universums, ist es unter gewissen Umst\u00e4nden m\u00f6glich, da\u00df am Kopf unserer sch\u00f6nen Page keine Men\u00fcleiste sichtbar ist. Also: falls Eure Surfmaschine nicht die Men\u00fcpunkte \"Startseite\", \"F.A.Q.\", \"Sch\u00fcler\" und \"Lehrer\" anzeigen sollte, die sich im orangenen Bereich der H\u00e4ndesch\u00fcttler befinden, <a class=\"read-more\" href=\"https:\/\/mehr-sein-als-scheinen.de\/?p=14\">... weiterlesen <span class=\"meta-nav\">&rarr;<\/span><\/a><\/p>\n","protected":false},"author":3,"featured_media":0,"comment_status":"open","ping_status":"open","sticky":false,"template":"","format":"standard","meta":{"footnotes":""},"categories":[1],"tags":[],"class_list":["post-14","post","type-post","status-publish","format-standard","hentry","category-allgemein"],"yoast_head":"<!-- This site is optimized with the Yoast SEO plugin v27.5 - https:\/\/yoast.com\/product\/yoast-seo-wordpress\/ -->\n<title>*!?$%# - oder: warum die Technik nicht immer mitspielt... - Freiherr-vom-Stein-Schule Bochum<\/title>\n<meta name=\"robots\" content=\"index, follow, max-snippet:-1, max-image-preview:large, max-video-preview:-1\" \/>\n<link rel=\"canonical\" href=\"https:\/\/mehr-sein-als-scheinen.de\/?p=14\" \/>\n<meta property=\"og:locale\" content=\"de_DE\" \/>\n<meta property=\"og:type\" content=\"article\" \/>\n<meta property=\"og:title\" content=\"*!?$%# - oder: warum die Technik nicht immer mitspielt... - Freiherr-vom-Stein-Schule Bochum\" \/>\n<meta property=\"og:description\" content=\"Nach einem Hinweis unseres gesch\u00e4tzten Kollegen Stoltefu\u00df, seines Zeichens selbst Webmaster einer der erstaunlichsten Seiten des Universums, ist es unter gewissen Umst\u00e4nden m\u00f6glich, da\u00df am Kopf unserer sch\u00f6nen Page keine Men\u00fcleiste sichtbar ist. Also: falls Eure Surfmaschine nicht die Men\u00fcpunkte &quot;Startseite&quot;, &quot;F.A.Q.&quot;, &quot;Sch\u00fcler&quot; und &quot;Lehrer&quot; anzeigen sollte, die sich im orangenen Bereich der H\u00e4ndesch\u00fcttler befinden, ... weiterlesen &rarr;\" \/>\n<meta property=\"og:url\" content=\"https:\/\/mehr-sein-als-scheinen.de\/?p=14\" \/>\n<meta property=\"og:site_name\" content=\"Freiherr-vom-Stein-Schule Bochum\" \/>\n<meta property=\"article:published_time\" content=\"2006-11-03T12:35:33+00:00\" \/>\n<meta property=\"article:modified_time\" content=\"2006-11-03T13:03:38+00:00\" \/>\n<meta name=\"author\" content=\"MacStrass\" \/>\n<meta name=\"twitter:card\" content=\"summary_large_image\" \/>\n<meta name=\"twitter:label1\" content=\"Verfasst von\" \/>\n\t<meta name=\"twitter:data1\" content=\"MacStrass\" \/>\n<script type=\"application\/ld+json\" class=\"yoast-schema-graph\">{\"@context\":\"https:\\\/\\\/schema.org\",\"@graph\":[{\"@type\":\"Article\",\"@id\":\"https:\\\/\\\/mehr-sein-als-scheinen.de\\\/?p=14#article\",\"isPartOf\":{\"@id\":\"https:\\\/\\\/mehr-sein-als-scheinen.de\\\/?p=14\"},\"author\":{\"name\":\"MacStrass\",\"@id\":\"https:\\\/\\\/mehr-sein-als-scheinen.de\\\/#\\\/schema\\\/person\\\/69fbbc7ee024b7fe58779067fd3992ba\"},\"headline\":\"*!?$%# &#8211; oder: warum die Technik nicht immer mitspielt&#8230;\",\"datePublished\":\"2006-11-03T12:35:33+00:00\",\"dateModified\":\"2006-11-03T13:03:38+00:00\",\"mainEntityOfPage\":{\"@id\":\"https:\\\/\\\/mehr-sein-als-scheinen.de\\\/?p=14\"},\"wordCount\":98,\"commentCount\":1,\"publisher\":{\"@id\":\"https:\\\/\\\/mehr-sein-als-scheinen.de\\\/#organization\"},\"inLanguage\":\"de\",\"potentialAction\":[{\"@type\":\"CommentAction\",\"name\":\"Comment\",\"target\":[\"https:\\\/\\\/mehr-sein-als-scheinen.de\\\/?p=14#respond\"]}]},{\"@type\":\"WebPage\",\"@id\":\"https:\\\/\\\/mehr-sein-als-scheinen.de\\\/?p=14\",\"url\":\"https:\\\/\\\/mehr-sein-als-scheinen.de\\\/?p=14\",\"name\":\"*!?$%# - oder: warum die Technik nicht immer mitspielt... - Freiherr-vom-Stein-Schule Bochum\",\"isPartOf\":{\"@id\":\"https:\\\/\\\/mehr-sein-als-scheinen.de\\\/#website\"},\"datePublished\":\"2006-11-03T12:35:33+00:00\",\"dateModified\":\"2006-11-03T13:03:38+00:00\",\"breadcrumb\":{\"@id\":\"https:\\\/\\\/mehr-sein-als-scheinen.de\\\/?p=14#breadcrumb\"},\"inLanguage\":\"de\",\"potentialAction\":[{\"@type\":\"ReadAction\",\"target\":[\"https:\\\/\\\/mehr-sein-als-scheinen.de\\\/?p=14\"]}]},{\"@type\":\"BreadcrumbList\",\"@id\":\"https:\\\/\\\/mehr-sein-als-scheinen.de\\\/?p=14#breadcrumb\",\"itemListElement\":[{\"@type\":\"ListItem\",\"position\":1,\"name\":\"Start\",\"item\":\"https:\\\/\\\/mehr-sein-als-scheinen.de\\\/\"},{\"@type\":\"ListItem\",\"position\":2,\"name\":\"*!?$%# &#8211; oder: warum die Technik nicht immer mitspielt&#8230;\"}]},{\"@type\":\"WebSite\",\"@id\":\"https:\\\/\\\/mehr-sein-als-scheinen.de\\\/#website\",\"url\":\"https:\\\/\\\/mehr-sein-als-scheinen.de\\\/\",\"name\":\"Freiherr-vom-Stein-Schule Bochum\",\"description\":\"Treffpunkt f\u00fcr alle Ehemaligen\",\"publisher\":{\"@id\":\"https:\\\/\\\/mehr-sein-als-scheinen.de\\\/#organization\"},\"potentialAction\":[{\"@type\":\"SearchAction\",\"target\":{\"@type\":\"EntryPoint\",\"urlTemplate\":\"https:\\\/\\\/mehr-sein-als-scheinen.de\\\/?s={search_term_string}\"},\"query-input\":{\"@type\":\"PropertyValueSpecification\",\"valueRequired\":true,\"valueName\":\"search_term_string\"}}],\"inLanguage\":\"de\"},{\"@type\":\"Organization\",\"@id\":\"https:\\\/\\\/mehr-sein-als-scheinen.de\\\/#organization\",\"name\":\"Freiherr-vom-Stein-Schule Bochum\",\"url\":\"https:\\\/\\\/mehr-sein-als-scheinen.de\\\/\",\"logo\":{\"@type\":\"ImageObject\",\"inLanguage\":\"de\",\"@id\":\"https:\\\/\\\/mehr-sein-als-scheinen.de\\\/#\\\/schema\\\/logo\\\/image\\\/\",\"url\":\"https:\\\/\\\/mehr-sein-als-scheinen.de\\\/wp-content\\\/uploads\\\/2016\\\/09\\\/cropped-logo_fvs_575.png\",\"contentUrl\":\"https:\\\/\\\/mehr-sein-als-scheinen.de\\\/wp-content\\\/uploads\\\/2016\\\/09\\\/cropped-logo_fvs_575.png\",\"width\":512,\"height\":512,\"caption\":\"Freiherr-vom-Stein-Schule Bochum\"},\"image\":{\"@id\":\"https:\\\/\\\/mehr-sein-als-scheinen.de\\\/#\\\/schema\\\/logo\\\/image\\\/\"}},{\"@type\":\"Person\",\"@id\":\"https:\\\/\\\/mehr-sein-als-scheinen.de\\\/#\\\/schema\\\/person\\\/69fbbc7ee024b7fe58779067fd3992ba\",\"name\":\"MacStrass\",\"image\":{\"@type\":\"ImageObject\",\"inLanguage\":\"de\",\"@id\":\"https:\\\/\\\/secure.gravatar.com\\\/avatar\\\/2d014238132ab830263be8955067cb600cac01646247a85a4f79a3ebf1d9fd11?s=96&d=mm&r=g\",\"url\":\"https:\\\/\\\/secure.gravatar.com\\\/avatar\\\/2d014238132ab830263be8955067cb600cac01646247a85a4f79a3ebf1d9fd11?s=96&d=mm&r=g\",\"contentUrl\":\"https:\\\/\\\/secure.gravatar.com\\\/avatar\\\/2d014238132ab830263be8955067cb600cac01646247a85a4f79a3ebf1d9fd11?s=96&d=mm&r=g\",\"caption\":\"MacStrass\"},\"url\":\"https:\\\/\\\/mehr-sein-als-scheinen.de\\\/?author=3\"}]}<\/script>\n<!-- \/ Yoast SEO plugin. -->","yoast_head_json":{"title":"*!?$%# - oder: warum die Technik nicht immer mitspielt... - Freiherr-vom-Stein-Schule Bochum","robots":{"index":"index","follow":"follow","max-snippet":"max-snippet:-1","max-image-preview":"max-image-preview:large","max-video-preview":"max-video-preview:-1"},"canonical":"https:\/\/mehr-sein-als-scheinen.de\/?p=14","og_locale":"de_DE","og_type":"article","og_title":"*!?$%# - oder: warum die Technik nicht immer mitspielt... - Freiherr-vom-Stein-Schule Bochum","og_description":"Nach einem Hinweis unseres gesch\u00e4tzten Kollegen Stoltefu\u00df, seines Zeichens selbst Webmaster einer der erstaunlichsten Seiten des Universums, ist es unter gewissen Umst\u00e4nden m\u00f6glich, da\u00df am Kopf unserer sch\u00f6nen Page keine Men\u00fcleiste sichtbar ist. Also: falls Eure Surfmaschine nicht die Men\u00fcpunkte \"Startseite\", \"F.A.Q.\", \"Sch\u00fcler\" und \"Lehrer\" anzeigen sollte, die sich im orangenen Bereich der H\u00e4ndesch\u00fcttler befinden, ... weiterlesen &rarr;","og_url":"https:\/\/mehr-sein-als-scheinen.de\/?p=14","og_site_name":"Freiherr-vom-Stein-Schule Bochum","article_published_time":"2006-11-03T12:35:33+00:00","article_modified_time":"2006-11-03T13:03:38+00:00","author":"MacStrass","twitter_card":"summary_large_image","twitter_misc":{"Verfasst von":"MacStrass"},"schema":{"@context":"https:\/\/schema.org","@graph":[{"@type":"Article","@id":"https:\/\/mehr-sein-als-scheinen.de\/?p=14#article","isPartOf":{"@id":"https:\/\/mehr-sein-als-scheinen.de\/?p=14"},"author":{"name":"MacStrass","@id":"https:\/\/mehr-sein-als-scheinen.de\/#\/schema\/person\/69fbbc7ee024b7fe58779067fd3992ba"},"headline":"*!?$%# &#8211; oder: warum die Technik nicht immer mitspielt&#8230;","datePublished":"2006-11-03T12:35:33+00:00","dateModified":"2006-11-03T13:03:38+00:00","mainEntityOfPage":{"@id":"https:\/\/mehr-sein-als-scheinen.de\/?p=14"},"wordCount":98,"commentCount":1,"publisher":{"@id":"https:\/\/mehr-sein-als-scheinen.de\/#organization"},"inLanguage":"de","potentialAction":[{"@type":"CommentAction","name":"Comment","target":["https:\/\/mehr-sein-als-scheinen.de\/?p=14#respond"]}]},{"@type":"WebPage","@id":"https:\/\/mehr-sein-als-scheinen.de\/?p=14","url":"https:\/\/mehr-sein-als-scheinen.de\/?p=14","name":"*!?$%# - oder: warum die Technik nicht immer mitspielt... - Freiherr-vom-Stein-Schule Bochum","isPartOf":{"@id":"https:\/\/mehr-sein-als-scheinen.de\/#website"},"datePublished":"2006-11-03T12:35:33+00:00","dateModified":"2006-11-03T13:03:38+00:00","breadcrumb":{"@id":"https:\/\/mehr-sein-als-scheinen.de\/?p=14#breadcrumb"},"inLanguage":"de","potentialAction":[{"@type":"ReadAction","target":["https:\/\/mehr-sein-als-scheinen.de\/?p=14"]}]},{"@type":"BreadcrumbList","@id":"https:\/\/mehr-sein-als-scheinen.de\/?p=14#breadcrumb","itemListElement":[{"@type":"ListItem","position":1,"name":"Start","item":"https:\/\/mehr-sein-als-scheinen.de\/"},{"@type":"ListItem","position":2,"name":"*!?$%# &#8211; oder: warum die Technik nicht immer mitspielt&#8230;"}]},{"@type":"WebSite","@id":"https:\/\/mehr-sein-als-scheinen.de\/#website","url":"https:\/\/mehr-sein-als-scheinen.de\/","name":"Freiherr-vom-Stein-Schule Bochum","description":"Treffpunkt f\u00fcr alle Ehemaligen","publisher":{"@id":"https:\/\/mehr-sein-als-scheinen.de\/#organization"},"potentialAction":[{"@type":"SearchAction","target":{"@type":"EntryPoint","urlTemplate":"https:\/\/mehr-sein-als-scheinen.de\/?s={search_term_string}"},"query-input":{"@type":"PropertyValueSpecification","valueRequired":true,"valueName":"search_term_string"}}],"inLanguage":"de"},{"@type":"Organization","@id":"https:\/\/mehr-sein-als-scheinen.de\/#organization","name":"Freiherr-vom-Stein-Schule Bochum","url":"https:\/\/mehr-sein-als-scheinen.de\/","logo":{"@type":"ImageObject","inLanguage":"de","@id":"https:\/\/mehr-sein-als-scheinen.de\/#\/schema\/logo\/image\/","url":"https:\/\/mehr-sein-als-scheinen.de\/wp-content\/uploads\/2016\/09\/cropped-logo_fvs_575.png","contentUrl":"https:\/\/mehr-sein-als-scheinen.de\/wp-content\/uploads\/2016\/09\/cropped-logo_fvs_575.png","width":512,"height":512,"caption":"Freiherr-vom-Stein-Schule Bochum"},"image":{"@id":"https:\/\/mehr-sein-als-scheinen.de\/#\/schema\/logo\/image\/"}},{"@type":"Person","@id":"https:\/\/mehr-sein-als-scheinen.de\/#\/schema\/person\/69fbbc7ee024b7fe58779067fd3992ba","name":"MacStrass","image":{"@type":"ImageObject","inLanguage":"de","@id":"https:\/\/secure.gravatar.com\/avatar\/2d014238132ab830263be8955067cb600cac01646247a85a4f79a3ebf1d9fd11?s=96&d=mm&r=g","url":"https:\/\/secure.gravatar.com\/avatar\/2d014238132ab830263be8955067cb600cac01646247a85a4f79a3ebf1d9fd11?s=96&d=mm&r=g","contentUrl":"https:\/\/secure.gravatar.com\/avatar\/2d014238132ab830263be8955067cb600cac01646247a85a4f79a3ebf1d9fd11?s=96&d=mm&r=g","caption":"MacStrass"},"url":"https:\/\/mehr-sein-als-scheinen.de\/?author=3"}]}},"_links":{"self":[{"href":"https:\/\/mehr-sein-als-scheinen.de\/index.php?rest_route=\/wp\/v2\/posts\/14","targetHints":{"allow":["GET"]}}],"collection":[{"href":"https:\/\/mehr-sein-als-scheinen.de\/index.php?rest_route=\/wp\/v2\/posts"}],"about":[{"href":"https:\/\/mehr-sein-als-scheinen.de\/index.php?rest_route=\/wp\/v2\/types\/post"}],"author":[{"embeddable":true,"href":"https:\/\/mehr-sein-als-scheinen.de\/index.php?rest_route=\/wp\/v2\/users\/3"}],"replies":[{"embeddable":true,"href":"https:\/\/mehr-sein-als-scheinen.de\/index.php?rest_route=%2Fwp%2Fv2%2Fcomments&post=14"}],"version-history":[{"count":0,"href":"https:\/\/mehr-sein-als-scheinen.de\/index.php?rest_route=\/wp\/v2\/posts\/14\/revisions"}],"wp:attachment":[{"href":"https:\/\/mehr-sein-als-scheinen.de\/index.php?rest_route=%2Fwp%2Fv2%2Fmedia&parent=14"}],"wp:term":[{"taxonomy":"category","embeddable":true,"href":"https:\/\/mehr-sein-als-scheinen.de\/index.php?rest_route=%2Fwp%2Fv2%2Fcategories&post=14"},{"taxonomy":"post_tag","embeddable":true,"href":"https:\/\/mehr-sein-als-scheinen.de\/index.php?rest_route=%2Fwp%2Fv2%2Ftags&post=14"}],"curies":[{"name":"wp","href":"https:\/\/api.w.org\/{rel}","templated":true}]}}