{"id":13,"date":"2006-10-30T15:12:14","date_gmt":"2006-10-30T13:12:14","guid":{"rendered":"http:\/\/mehr-sein-als-scheinen.de\/2006\/10\/30\/datensicherheit-und-sichtbarkeit\/"},"modified":"2006-10-30T15:12:14","modified_gmt":"2006-10-30T13:12:14","slug":"datensicherheit-und-sichtbarkeit","status":"publish","type":"post","link":"https:\/\/mehr-sein-als-scheinen.de\/?p=13","title":{"rendered":"Datensicherheit und -sichtbarkeit"},"content":{"rendered":"<p>In den letzten Tagen wurde hinter den Kulissen etwas \u00fcber die M\u00f6glichkeit debattiert, die Daten der in der Sch\u00fcler- und Lehrerliste vertretenen Personen nur eingeschr\u00e4nkt sichtbar zu machen, den Zugriff z.B. auf angemeldete Personen zu beschr\u00e4nken, da sich der eine oder andere mit der Verf\u00fcgbarkeit seiner Wohnortdaten etc. vielleicht etwas unwohl f\u00fchlt.<\/p>\n<p>Grunds\u00e4tzlich nicht verkehrt.<\/p>\n<p>Allerdings m\u00fcssen wir eingestehen, da\u00df wir uns zur Zeit in einer Schnellschu\u00df-Phase befinden, wo wir einfach mal den Stein ins Rollen bringen wollten. Deshalb haben wir erstmal eine Seite von der Stange genommen, die nicht so ausgekl\u00fcgelt und effektiv ist, wie es unsere anderen, in unserer glanzvollen Karriere bislang erstellten, Programme und Seiten sind ;-)<\/p>\n<p>Dies hat zur Folge, da\u00df wir zwar z.B. den Zugriff auf die Listen einschr\u00e4nken k\u00f6nnten auf bereits registrierte Nutzer (oder, anders gesagt, da\u00df keiner auf die Listen zugreifen kann, der sich nicht vorher angemeldet hat), allerdings w\u00e4re das ein Pseudo-Schutz, denn schlie\u00dflich kann sich jeder Dahergelaufene registrieren, und das war es dann mit dem Zugriffsschutz.<\/p>\n<p>Momentan ist vielleicht der gangbarste Kompromi\u00df f\u00fcr die Vorsichtigen unter uns, sich<\/p>\n<p>a) zu registrieren (diese Daten sehen eh nur wir, die Admins), und<br \/>\nb) auf einen Minimaleintrag in der Liste zu beschr\u00e4nken, sprich Name, Vorname, Jahrgang und evtl. eMail-Adresse.<\/p>\n<p>Wir denken, damit ist sowohl der Privatsph\u00e4re Gen\u00fcge getan, bis wir eine bessere L\u00f6sung umgesetzt haben, und wir bekommen einen \u00dcberblick, wen unsere Seite bislang erreicht hat und wen wir ggf. noch ansprechen m\u00fcssen.<\/p>\n<p>Sch\u00f6nen Montag noch!<\/p>\n","protected":false},"excerpt":{"rendered":"<p>In den letzten Tagen wurde hinter den Kulissen etwas \u00fcber die M\u00f6glichkeit debattiert, die Daten der in der Sch\u00fcler- und Lehrerliste vertretenen Personen nur eingeschr\u00e4nkt sichtbar zu machen, den Zugriff z.B. auf angemeldete Personen zu beschr\u00e4nken, da sich der eine oder andere mit der Verf\u00fcgbarkeit seiner Wohnortdaten etc. vielleicht etwas unwohl f\u00fchlt. Grunds\u00e4tzlich nicht verkehrt. <a class=\"read-more\" href=\"https:\/\/mehr-sein-als-scheinen.de\/?p=13\">... weiterlesen <span class=\"meta-nav\">&rarr;<\/span><\/a><\/p>\n","protected":false},"author":3,"featured_media":0,"comment_status":"open","ping_status":"open","sticky":false,"template":"","format":"standard","meta":{"footnotes":""},"categories":[1],"tags":[],"class_list":["post-13","post","type-post","status-publish","format-standard","hentry","category-allgemein"],"yoast_head":"<!-- This site is optimized with the Yoast SEO plugin v27.5 - https:\/\/yoast.com\/product\/yoast-seo-wordpress\/ -->\n<title>Datensicherheit und -sichtbarkeit - Freiherr-vom-Stein-Schule Bochum<\/title>\n<meta name=\"robots\" content=\"index, follow, max-snippet:-1, max-image-preview:large, max-video-preview:-1\" \/>\n<link rel=\"canonical\" href=\"https:\/\/mehr-sein-als-scheinen.de\/?p=13\" \/>\n<meta property=\"og:locale\" content=\"de_DE\" \/>\n<meta property=\"og:type\" content=\"article\" \/>\n<meta property=\"og:title\" content=\"Datensicherheit und -sichtbarkeit - Freiherr-vom-Stein-Schule Bochum\" \/>\n<meta property=\"og:description\" content=\"In den letzten Tagen wurde hinter den Kulissen etwas \u00fcber die M\u00f6glichkeit debattiert, die Daten der in der Sch\u00fcler- und Lehrerliste vertretenen Personen nur eingeschr\u00e4nkt sichtbar zu machen, den Zugriff z.B. auf angemeldete Personen zu beschr\u00e4nken, da sich der eine oder andere mit der Verf\u00fcgbarkeit seiner Wohnortdaten etc. vielleicht etwas unwohl f\u00fchlt. Grunds\u00e4tzlich nicht verkehrt. ... weiterlesen &rarr;\" \/>\n<meta property=\"og:url\" content=\"https:\/\/mehr-sein-als-scheinen.de\/?p=13\" \/>\n<meta property=\"og:site_name\" content=\"Freiherr-vom-Stein-Schule Bochum\" \/>\n<meta property=\"article:published_time\" content=\"2006-10-30T13:12:14+00:00\" \/>\n<meta name=\"author\" content=\"MacStrass\" \/>\n<meta name=\"twitter:card\" content=\"summary_large_image\" \/>\n<meta name=\"twitter:label1\" content=\"Verfasst von\" \/>\n\t<meta name=\"twitter:data1\" content=\"MacStrass\" \/>\n\t<meta name=\"twitter:label2\" content=\"Gesch\u00e4tzte Lesezeit\" \/>\n\t<meta name=\"twitter:data2\" content=\"1\u00a0Minute\" \/>\n<script type=\"application\/ld+json\" class=\"yoast-schema-graph\">{\"@context\":\"https:\\\/\\\/schema.org\",\"@graph\":[{\"@type\":\"Article\",\"@id\":\"https:\\\/\\\/mehr-sein-als-scheinen.de\\\/?p=13#article\",\"isPartOf\":{\"@id\":\"https:\\\/\\\/mehr-sein-als-scheinen.de\\\/?p=13\"},\"author\":{\"name\":\"MacStrass\",\"@id\":\"https:\\\/\\\/mehr-sein-als-scheinen.de\\\/#\\\/schema\\\/person\\\/69fbbc7ee024b7fe58779067fd3992ba\"},\"headline\":\"Datensicherheit und -sichtbarkeit\",\"datePublished\":\"2006-10-30T13:12:14+00:00\",\"mainEntityOfPage\":{\"@id\":\"https:\\\/\\\/mehr-sein-als-scheinen.de\\\/?p=13\"},\"wordCount\":268,\"commentCount\":1,\"publisher\":{\"@id\":\"https:\\\/\\\/mehr-sein-als-scheinen.de\\\/#organization\"},\"inLanguage\":\"de\",\"potentialAction\":[{\"@type\":\"CommentAction\",\"name\":\"Comment\",\"target\":[\"https:\\\/\\\/mehr-sein-als-scheinen.de\\\/?p=13#respond\"]}]},{\"@type\":\"WebPage\",\"@id\":\"https:\\\/\\\/mehr-sein-als-scheinen.de\\\/?p=13\",\"url\":\"https:\\\/\\\/mehr-sein-als-scheinen.de\\\/?p=13\",\"name\":\"Datensicherheit und -sichtbarkeit - Freiherr-vom-Stein-Schule Bochum\",\"isPartOf\":{\"@id\":\"https:\\\/\\\/mehr-sein-als-scheinen.de\\\/#website\"},\"datePublished\":\"2006-10-30T13:12:14+00:00\",\"breadcrumb\":{\"@id\":\"https:\\\/\\\/mehr-sein-als-scheinen.de\\\/?p=13#breadcrumb\"},\"inLanguage\":\"de\",\"potentialAction\":[{\"@type\":\"ReadAction\",\"target\":[\"https:\\\/\\\/mehr-sein-als-scheinen.de\\\/?p=13\"]}]},{\"@type\":\"BreadcrumbList\",\"@id\":\"https:\\\/\\\/mehr-sein-als-scheinen.de\\\/?p=13#breadcrumb\",\"itemListElement\":[{\"@type\":\"ListItem\",\"position\":1,\"name\":\"Start\",\"item\":\"https:\\\/\\\/mehr-sein-als-scheinen.de\\\/\"},{\"@type\":\"ListItem\",\"position\":2,\"name\":\"Datensicherheit und -sichtbarkeit\"}]},{\"@type\":\"WebSite\",\"@id\":\"https:\\\/\\\/mehr-sein-als-scheinen.de\\\/#website\",\"url\":\"https:\\\/\\\/mehr-sein-als-scheinen.de\\\/\",\"name\":\"Freiherr-vom-Stein-Schule Bochum\",\"description\":\"Treffpunkt f\u00fcr alle Ehemaligen\",\"publisher\":{\"@id\":\"https:\\\/\\\/mehr-sein-als-scheinen.de\\\/#organization\"},\"potentialAction\":[{\"@type\":\"SearchAction\",\"target\":{\"@type\":\"EntryPoint\",\"urlTemplate\":\"https:\\\/\\\/mehr-sein-als-scheinen.de\\\/?s={search_term_string}\"},\"query-input\":{\"@type\":\"PropertyValueSpecification\",\"valueRequired\":true,\"valueName\":\"search_term_string\"}}],\"inLanguage\":\"de\"},{\"@type\":\"Organization\",\"@id\":\"https:\\\/\\\/mehr-sein-als-scheinen.de\\\/#organization\",\"name\":\"Freiherr-vom-Stein-Schule Bochum\",\"url\":\"https:\\\/\\\/mehr-sein-als-scheinen.de\\\/\",\"logo\":{\"@type\":\"ImageObject\",\"inLanguage\":\"de\",\"@id\":\"https:\\\/\\\/mehr-sein-als-scheinen.de\\\/#\\\/schema\\\/logo\\\/image\\\/\",\"url\":\"https:\\\/\\\/mehr-sein-als-scheinen.de\\\/wp-content\\\/uploads\\\/2016\\\/09\\\/cropped-logo_fvs_575.png\",\"contentUrl\":\"https:\\\/\\\/mehr-sein-als-scheinen.de\\\/wp-content\\\/uploads\\\/2016\\\/09\\\/cropped-logo_fvs_575.png\",\"width\":512,\"height\":512,\"caption\":\"Freiherr-vom-Stein-Schule Bochum\"},\"image\":{\"@id\":\"https:\\\/\\\/mehr-sein-als-scheinen.de\\\/#\\\/schema\\\/logo\\\/image\\\/\"}},{\"@type\":\"Person\",\"@id\":\"https:\\\/\\\/mehr-sein-als-scheinen.de\\\/#\\\/schema\\\/person\\\/69fbbc7ee024b7fe58779067fd3992ba\",\"name\":\"MacStrass\",\"image\":{\"@type\":\"ImageObject\",\"inLanguage\":\"de\",\"@id\":\"https:\\\/\\\/secure.gravatar.com\\\/avatar\\\/2d014238132ab830263be8955067cb600cac01646247a85a4f79a3ebf1d9fd11?s=96&d=mm&r=g\",\"url\":\"https:\\\/\\\/secure.gravatar.com\\\/avatar\\\/2d014238132ab830263be8955067cb600cac01646247a85a4f79a3ebf1d9fd11?s=96&d=mm&r=g\",\"contentUrl\":\"https:\\\/\\\/secure.gravatar.com\\\/avatar\\\/2d014238132ab830263be8955067cb600cac01646247a85a4f79a3ebf1d9fd11?s=96&d=mm&r=g\",\"caption\":\"MacStrass\"},\"url\":\"https:\\\/\\\/mehr-sein-als-scheinen.de\\\/?author=3\"}]}<\/script>\n<!-- \/ Yoast SEO plugin. -->","yoast_head_json":{"title":"Datensicherheit und -sichtbarkeit - Freiherr-vom-Stein-Schule Bochum","robots":{"index":"index","follow":"follow","max-snippet":"max-snippet:-1","max-image-preview":"max-image-preview:large","max-video-preview":"max-video-preview:-1"},"canonical":"https:\/\/mehr-sein-als-scheinen.de\/?p=13","og_locale":"de_DE","og_type":"article","og_title":"Datensicherheit und -sichtbarkeit - Freiherr-vom-Stein-Schule Bochum","og_description":"In den letzten Tagen wurde hinter den Kulissen etwas \u00fcber die M\u00f6glichkeit debattiert, die Daten der in der Sch\u00fcler- und Lehrerliste vertretenen Personen nur eingeschr\u00e4nkt sichtbar zu machen, den Zugriff z.B. auf angemeldete Personen zu beschr\u00e4nken, da sich der eine oder andere mit der Verf\u00fcgbarkeit seiner Wohnortdaten etc. vielleicht etwas unwohl f\u00fchlt. Grunds\u00e4tzlich nicht verkehrt. ... weiterlesen &rarr;","og_url":"https:\/\/mehr-sein-als-scheinen.de\/?p=13","og_site_name":"Freiherr-vom-Stein-Schule Bochum","article_published_time":"2006-10-30T13:12:14+00:00","author":"MacStrass","twitter_card":"summary_large_image","twitter_misc":{"Verfasst von":"MacStrass","Gesch\u00e4tzte Lesezeit":"1\u00a0Minute"},"schema":{"@context":"https:\/\/schema.org","@graph":[{"@type":"Article","@id":"https:\/\/mehr-sein-als-scheinen.de\/?p=13#article","isPartOf":{"@id":"https:\/\/mehr-sein-als-scheinen.de\/?p=13"},"author":{"name":"MacStrass","@id":"https:\/\/mehr-sein-als-scheinen.de\/#\/schema\/person\/69fbbc7ee024b7fe58779067fd3992ba"},"headline":"Datensicherheit und -sichtbarkeit","datePublished":"2006-10-30T13:12:14+00:00","mainEntityOfPage":{"@id":"https:\/\/mehr-sein-als-scheinen.de\/?p=13"},"wordCount":268,"commentCount":1,"publisher":{"@id":"https:\/\/mehr-sein-als-scheinen.de\/#organization"},"inLanguage":"de","potentialAction":[{"@type":"CommentAction","name":"Comment","target":["https:\/\/mehr-sein-als-scheinen.de\/?p=13#respond"]}]},{"@type":"WebPage","@id":"https:\/\/mehr-sein-als-scheinen.de\/?p=13","url":"https:\/\/mehr-sein-als-scheinen.de\/?p=13","name":"Datensicherheit und -sichtbarkeit - Freiherr-vom-Stein-Schule Bochum","isPartOf":{"@id":"https:\/\/mehr-sein-als-scheinen.de\/#website"},"datePublished":"2006-10-30T13:12:14+00:00","breadcrumb":{"@id":"https:\/\/mehr-sein-als-scheinen.de\/?p=13#breadcrumb"},"inLanguage":"de","potentialAction":[{"@type":"ReadAction","target":["https:\/\/mehr-sein-als-scheinen.de\/?p=13"]}]},{"@type":"BreadcrumbList","@id":"https:\/\/mehr-sein-als-scheinen.de\/?p=13#breadcrumb","itemListElement":[{"@type":"ListItem","position":1,"name":"Start","item":"https:\/\/mehr-sein-als-scheinen.de\/"},{"@type":"ListItem","position":2,"name":"Datensicherheit und -sichtbarkeit"}]},{"@type":"WebSite","@id":"https:\/\/mehr-sein-als-scheinen.de\/#website","url":"https:\/\/mehr-sein-als-scheinen.de\/","name":"Freiherr-vom-Stein-Schule Bochum","description":"Treffpunkt f\u00fcr alle Ehemaligen","publisher":{"@id":"https:\/\/mehr-sein-als-scheinen.de\/#organization"},"potentialAction":[{"@type":"SearchAction","target":{"@type":"EntryPoint","urlTemplate":"https:\/\/mehr-sein-als-scheinen.de\/?s={search_term_string}"},"query-input":{"@type":"PropertyValueSpecification","valueRequired":true,"valueName":"search_term_string"}}],"inLanguage":"de"},{"@type":"Organization","@id":"https:\/\/mehr-sein-als-scheinen.de\/#organization","name":"Freiherr-vom-Stein-Schule Bochum","url":"https:\/\/mehr-sein-als-scheinen.de\/","logo":{"@type":"ImageObject","inLanguage":"de","@id":"https:\/\/mehr-sein-als-scheinen.de\/#\/schema\/logo\/image\/","url":"https:\/\/mehr-sein-als-scheinen.de\/wp-content\/uploads\/2016\/09\/cropped-logo_fvs_575.png","contentUrl":"https:\/\/mehr-sein-als-scheinen.de\/wp-content\/uploads\/2016\/09\/cropped-logo_fvs_575.png","width":512,"height":512,"caption":"Freiherr-vom-Stein-Schule Bochum"},"image":{"@id":"https:\/\/mehr-sein-als-scheinen.de\/#\/schema\/logo\/image\/"}},{"@type":"Person","@id":"https:\/\/mehr-sein-als-scheinen.de\/#\/schema\/person\/69fbbc7ee024b7fe58779067fd3992ba","name":"MacStrass","image":{"@type":"ImageObject","inLanguage":"de","@id":"https:\/\/secure.gravatar.com\/avatar\/2d014238132ab830263be8955067cb600cac01646247a85a4f79a3ebf1d9fd11?s=96&d=mm&r=g","url":"https:\/\/secure.gravatar.com\/avatar\/2d014238132ab830263be8955067cb600cac01646247a85a4f79a3ebf1d9fd11?s=96&d=mm&r=g","contentUrl":"https:\/\/secure.gravatar.com\/avatar\/2d014238132ab830263be8955067cb600cac01646247a85a4f79a3ebf1d9fd11?s=96&d=mm&r=g","caption":"MacStrass"},"url":"https:\/\/mehr-sein-als-scheinen.de\/?author=3"}]}},"_links":{"self":[{"href":"https:\/\/mehr-sein-als-scheinen.de\/index.php?rest_route=\/wp\/v2\/posts\/13","targetHints":{"allow":["GET"]}}],"collection":[{"href":"https:\/\/mehr-sein-als-scheinen.de\/index.php?rest_route=\/wp\/v2\/posts"}],"about":[{"href":"https:\/\/mehr-sein-als-scheinen.de\/index.php?rest_route=\/wp\/v2\/types\/post"}],"author":[{"embeddable":true,"href":"https:\/\/mehr-sein-als-scheinen.de\/index.php?rest_route=\/wp\/v2\/users\/3"}],"replies":[{"embeddable":true,"href":"https:\/\/mehr-sein-als-scheinen.de\/index.php?rest_route=%2Fwp%2Fv2%2Fcomments&post=13"}],"version-history":[{"count":0,"href":"https:\/\/mehr-sein-als-scheinen.de\/index.php?rest_route=\/wp\/v2\/posts\/13\/revisions"}],"wp:attachment":[{"href":"https:\/\/mehr-sein-als-scheinen.de\/index.php?rest_route=%2Fwp%2Fv2%2Fmedia&parent=13"}],"wp:term":[{"taxonomy":"category","embeddable":true,"href":"https:\/\/mehr-sein-als-scheinen.de\/index.php?rest_route=%2Fwp%2Fv2%2Fcategories&post=13"},{"taxonomy":"post_tag","embeddable":true,"href":"https:\/\/mehr-sein-als-scheinen.de\/index.php?rest_route=%2Fwp%2Fv2%2Ftags&post=13"}],"curies":[{"name":"wp","href":"https:\/\/api.w.org\/{rel}","templated":true}]}}