{"id":12,"date":"2006-10-27T14:36:19","date_gmt":"2006-10-27T12:36:19","guid":{"rendered":"http:\/\/mehr-sein-als-scheinen.de\/2006\/10\/27\/abitreffen-2007-terminierung\/"},"modified":"2021-11-04T18:21:11","modified_gmt":"2021-11-04T16:21:11","slug":"abitreffen-2007-terminierung","status":"publish","type":"post","link":"https:\/\/mehr-sein-als-scheinen.de\/?p=12","title":{"rendered":"Abitreffen 2007, Terminierung"},"content":{"rendered":"<p>Um die Sache mal etwas in Schwung zu bringen...<\/p>\n<p>Die Sommerferien sind wahrscheinlich aufgrund erh\u00f6hten Kinderaufkommens und damit verbundenen Urlaubspl\u00e4nen als eher schlechte Wahl zu betrachten.<\/p>\n<p>OK, damit ist die Zeit vom 21. Juni 2007 bis 3. August 2007 Toast.<\/p>\n<p>Ich schmei\u00dfe jetzt mal drei Termine in den Raum:<\/p>\n<p>- 12. Mai 2007<br \/>\n- 19. Mai 2007<br \/>\n- 26. Mai 2007<\/p>\n<p>S\u00e4mtlich Samstage, was f\u00fcr Z'greiste den Vorteil h\u00e4tte, da\u00df sie sich am Freitag nach Feierabend nicht noch \u00fcberschlagen brauchen, um irgendwann abgehetzt um 23:30 auf der Matte zu stehen.<\/p>\n<p>Als Ort (neudeutsch: Location) des Ganzen sind auch schon Vorschl\u00e4ge, von konservativ bis verwegen, eingegangen:<\/p>\n<p>- Kantine des Polizeipr\u00e4sidiums Bochum (wie 2002)<br \/>\n- R\u00e4umlichkeiten in der ehem. FvSt (Agnes- oder Gretchenstr.)<br \/>\n- Zeche<br \/>\n- Ruhrstadion (okay, <i>das<\/i> hat noch keiner vorgeschlagen)<\/p>\n<p>Weitere Vorschl\u00e4ge k\u00f6nnen an dieser Stelle eingebracht werden und sind willkommen, ebenso Kommentare zu den bereits vorhandenen Orten und Zeiten.<\/p>\n<p>Meldet Euch!<\/p>\n","protected":false},"excerpt":{"rendered":"<p>Um die Sache mal etwas in Schwung zu bringen... Die Sommerferien sind wahrscheinlich aufgrund erh\u00f6hten Kinderaufkommens und damit verbundenen Urlaubspl\u00e4nen als eher schlechte Wahl zu betrachten. OK, damit ist die Zeit vom 21. Juni 2007 bis 3. August 2007 Toast. Ich schmei\u00dfe jetzt mal drei Termine in den Raum: - 12. Mai 2007 - 19. <a class=\"read-more\" href=\"https:\/\/mehr-sein-als-scheinen.de\/?p=12\">... weiterlesen <span class=\"meta-nav\">&rarr;<\/span><\/a><\/p>\n","protected":false},"author":3,"featured_media":0,"comment_status":"open","ping_status":"open","sticky":false,"template":"","format":"standard","meta":{"footnotes":""},"categories":[4,2],"tags":[],"class_list":["post-12","post","type-post","status-publish","format-standard","hentry","category-abi-87-20jahriges","category-treffen"],"yoast_head":"<!-- This site is optimized with the Yoast SEO plugin v27.5 - https:\/\/yoast.com\/product\/yoast-seo-wordpress\/ -->\n<title>Abitreffen 2007, Terminierung - Freiherr-vom-Stein-Schule Bochum<\/title>\n<meta name=\"robots\" content=\"index, follow, max-snippet:-1, max-image-preview:large, max-video-preview:-1\" \/>\n<link rel=\"canonical\" href=\"https:\/\/mehr-sein-als-scheinen.de\/?p=12\" \/>\n<meta property=\"og:locale\" content=\"de_DE\" \/>\n<meta property=\"og:type\" content=\"article\" \/>\n<meta property=\"og:title\" content=\"Abitreffen 2007, Terminierung - Freiherr-vom-Stein-Schule Bochum\" \/>\n<meta property=\"og:description\" content=\"Um die Sache mal etwas in Schwung zu bringen... Die Sommerferien sind wahrscheinlich aufgrund erh\u00f6hten Kinderaufkommens und damit verbundenen Urlaubspl\u00e4nen als eher schlechte Wahl zu betrachten. OK, damit ist die Zeit vom 21. Juni 2007 bis 3. August 2007 Toast. Ich schmei\u00dfe jetzt mal drei Termine in den Raum: - 12. Mai 2007 - 19. ... weiterlesen &rarr;\" \/>\n<meta property=\"og:url\" content=\"https:\/\/mehr-sein-als-scheinen.de\/?p=12\" \/>\n<meta property=\"og:site_name\" content=\"Freiherr-vom-Stein-Schule Bochum\" \/>\n<meta property=\"article:published_time\" content=\"2006-10-27T12:36:19+00:00\" \/>\n<meta property=\"article:modified_time\" content=\"2021-11-04T16:21:11+00:00\" \/>\n<meta name=\"author\" content=\"MacStrass\" \/>\n<meta name=\"twitter:card\" content=\"summary_large_image\" \/>\n<meta name=\"twitter:label1\" content=\"Verfasst von\" \/>\n\t<meta name=\"twitter:data1\" content=\"MacStrass\" \/>\n\t<meta name=\"twitter:label2\" content=\"Gesch\u00e4tzte Lesezeit\" \/>\n\t<meta name=\"twitter:data2\" content=\"1\u00a0Minute\" \/>\n<script type=\"application\/ld+json\" class=\"yoast-schema-graph\">{\"@context\":\"https:\\\/\\\/schema.org\",\"@graph\":[{\"@type\":\"Article\",\"@id\":\"https:\\\/\\\/mehr-sein-als-scheinen.de\\\/?p=12#article\",\"isPartOf\":{\"@id\":\"https:\\\/\\\/mehr-sein-als-scheinen.de\\\/?p=12\"},\"author\":{\"name\":\"MacStrass\",\"@id\":\"https:\\\/\\\/mehr-sein-als-scheinen.de\\\/#\\\/schema\\\/person\\\/69fbbc7ee024b7fe58779067fd3992ba\"},\"headline\":\"Abitreffen 2007, Terminierung\",\"datePublished\":\"2006-10-27T12:36:19+00:00\",\"dateModified\":\"2021-11-04T16:21:11+00:00\",\"mainEntityOfPage\":{\"@id\":\"https:\\\/\\\/mehr-sein-als-scheinen.de\\\/?p=12\"},\"wordCount\":155,\"commentCount\":6,\"publisher\":{\"@id\":\"https:\\\/\\\/mehr-sein-als-scheinen.de\\\/#organization\"},\"articleSection\":[\"Abi 87\",\"Treffen\"],\"inLanguage\":\"de\",\"potentialAction\":[{\"@type\":\"CommentAction\",\"name\":\"Comment\",\"target\":[\"https:\\\/\\\/mehr-sein-als-scheinen.de\\\/?p=12#respond\"]}]},{\"@type\":\"WebPage\",\"@id\":\"https:\\\/\\\/mehr-sein-als-scheinen.de\\\/?p=12\",\"url\":\"https:\\\/\\\/mehr-sein-als-scheinen.de\\\/?p=12\",\"name\":\"Abitreffen 2007, Terminierung - Freiherr-vom-Stein-Schule Bochum\",\"isPartOf\":{\"@id\":\"https:\\\/\\\/mehr-sein-als-scheinen.de\\\/#website\"},\"datePublished\":\"2006-10-27T12:36:19+00:00\",\"dateModified\":\"2021-11-04T16:21:11+00:00\",\"breadcrumb\":{\"@id\":\"https:\\\/\\\/mehr-sein-als-scheinen.de\\\/?p=12#breadcrumb\"},\"inLanguage\":\"de\",\"potentialAction\":[{\"@type\":\"ReadAction\",\"target\":[\"https:\\\/\\\/mehr-sein-als-scheinen.de\\\/?p=12\"]}]},{\"@type\":\"BreadcrumbList\",\"@id\":\"https:\\\/\\\/mehr-sein-als-scheinen.de\\\/?p=12#breadcrumb\",\"itemListElement\":[{\"@type\":\"ListItem\",\"position\":1,\"name\":\"Start\",\"item\":\"https:\\\/\\\/mehr-sein-als-scheinen.de\\\/\"},{\"@type\":\"ListItem\",\"position\":2,\"name\":\"Abitreffen 2007, Terminierung\"}]},{\"@type\":\"WebSite\",\"@id\":\"https:\\\/\\\/mehr-sein-als-scheinen.de\\\/#website\",\"url\":\"https:\\\/\\\/mehr-sein-als-scheinen.de\\\/\",\"name\":\"Freiherr-vom-Stein-Schule Bochum\",\"description\":\"Treffpunkt f\u00fcr alle Ehemaligen\",\"publisher\":{\"@id\":\"https:\\\/\\\/mehr-sein-als-scheinen.de\\\/#organization\"},\"potentialAction\":[{\"@type\":\"SearchAction\",\"target\":{\"@type\":\"EntryPoint\",\"urlTemplate\":\"https:\\\/\\\/mehr-sein-als-scheinen.de\\\/?s={search_term_string}\"},\"query-input\":{\"@type\":\"PropertyValueSpecification\",\"valueRequired\":true,\"valueName\":\"search_term_string\"}}],\"inLanguage\":\"de\"},{\"@type\":\"Organization\",\"@id\":\"https:\\\/\\\/mehr-sein-als-scheinen.de\\\/#organization\",\"name\":\"Freiherr-vom-Stein-Schule Bochum\",\"url\":\"https:\\\/\\\/mehr-sein-als-scheinen.de\\\/\",\"logo\":{\"@type\":\"ImageObject\",\"inLanguage\":\"de\",\"@id\":\"https:\\\/\\\/mehr-sein-als-scheinen.de\\\/#\\\/schema\\\/logo\\\/image\\\/\",\"url\":\"https:\\\/\\\/mehr-sein-als-scheinen.de\\\/wp-content\\\/uploads\\\/2016\\\/09\\\/cropped-logo_fvs_575.png\",\"contentUrl\":\"https:\\\/\\\/mehr-sein-als-scheinen.de\\\/wp-content\\\/uploads\\\/2016\\\/09\\\/cropped-logo_fvs_575.png\",\"width\":512,\"height\":512,\"caption\":\"Freiherr-vom-Stein-Schule Bochum\"},\"image\":{\"@id\":\"https:\\\/\\\/mehr-sein-als-scheinen.de\\\/#\\\/schema\\\/logo\\\/image\\\/\"}},{\"@type\":\"Person\",\"@id\":\"https:\\\/\\\/mehr-sein-als-scheinen.de\\\/#\\\/schema\\\/person\\\/69fbbc7ee024b7fe58779067fd3992ba\",\"name\":\"MacStrass\",\"image\":{\"@type\":\"ImageObject\",\"inLanguage\":\"de\",\"@id\":\"https:\\\/\\\/secure.gravatar.com\\\/avatar\\\/2d014238132ab830263be8955067cb600cac01646247a85a4f79a3ebf1d9fd11?s=96&d=mm&r=g\",\"url\":\"https:\\\/\\\/secure.gravatar.com\\\/avatar\\\/2d014238132ab830263be8955067cb600cac01646247a85a4f79a3ebf1d9fd11?s=96&d=mm&r=g\",\"contentUrl\":\"https:\\\/\\\/secure.gravatar.com\\\/avatar\\\/2d014238132ab830263be8955067cb600cac01646247a85a4f79a3ebf1d9fd11?s=96&d=mm&r=g\",\"caption\":\"MacStrass\"},\"url\":\"https:\\\/\\\/mehr-sein-als-scheinen.de\\\/?author=3\"}]}<\/script>\n<!-- \/ Yoast SEO plugin. -->","yoast_head_json":{"title":"Abitreffen 2007, Terminierung - Freiherr-vom-Stein-Schule Bochum","robots":{"index":"index","follow":"follow","max-snippet":"max-snippet:-1","max-image-preview":"max-image-preview:large","max-video-preview":"max-video-preview:-1"},"canonical":"https:\/\/mehr-sein-als-scheinen.de\/?p=12","og_locale":"de_DE","og_type":"article","og_title":"Abitreffen 2007, Terminierung - Freiherr-vom-Stein-Schule Bochum","og_description":"Um die Sache mal etwas in Schwung zu bringen... Die Sommerferien sind wahrscheinlich aufgrund erh\u00f6hten Kinderaufkommens und damit verbundenen Urlaubspl\u00e4nen als eher schlechte Wahl zu betrachten. OK, damit ist die Zeit vom 21. Juni 2007 bis 3. August 2007 Toast. Ich schmei\u00dfe jetzt mal drei Termine in den Raum: - 12. Mai 2007 - 19. ... weiterlesen &rarr;","og_url":"https:\/\/mehr-sein-als-scheinen.de\/?p=12","og_site_name":"Freiherr-vom-Stein-Schule Bochum","article_published_time":"2006-10-27T12:36:19+00:00","article_modified_time":"2021-11-04T16:21:11+00:00","author":"MacStrass","twitter_card":"summary_large_image","twitter_misc":{"Verfasst von":"MacStrass","Gesch\u00e4tzte Lesezeit":"1\u00a0Minute"},"schema":{"@context":"https:\/\/schema.org","@graph":[{"@type":"Article","@id":"https:\/\/mehr-sein-als-scheinen.de\/?p=12#article","isPartOf":{"@id":"https:\/\/mehr-sein-als-scheinen.de\/?p=12"},"author":{"name":"MacStrass","@id":"https:\/\/mehr-sein-als-scheinen.de\/#\/schema\/person\/69fbbc7ee024b7fe58779067fd3992ba"},"headline":"Abitreffen 2007, Terminierung","datePublished":"2006-10-27T12:36:19+00:00","dateModified":"2021-11-04T16:21:11+00:00","mainEntityOfPage":{"@id":"https:\/\/mehr-sein-als-scheinen.de\/?p=12"},"wordCount":155,"commentCount":6,"publisher":{"@id":"https:\/\/mehr-sein-als-scheinen.de\/#organization"},"articleSection":["Abi 87","Treffen"],"inLanguage":"de","potentialAction":[{"@type":"CommentAction","name":"Comment","target":["https:\/\/mehr-sein-als-scheinen.de\/?p=12#respond"]}]},{"@type":"WebPage","@id":"https:\/\/mehr-sein-als-scheinen.de\/?p=12","url":"https:\/\/mehr-sein-als-scheinen.de\/?p=12","name":"Abitreffen 2007, Terminierung - Freiherr-vom-Stein-Schule Bochum","isPartOf":{"@id":"https:\/\/mehr-sein-als-scheinen.de\/#website"},"datePublished":"2006-10-27T12:36:19+00:00","dateModified":"2021-11-04T16:21:11+00:00","breadcrumb":{"@id":"https:\/\/mehr-sein-als-scheinen.de\/?p=12#breadcrumb"},"inLanguage":"de","potentialAction":[{"@type":"ReadAction","target":["https:\/\/mehr-sein-als-scheinen.de\/?p=12"]}]},{"@type":"BreadcrumbList","@id":"https:\/\/mehr-sein-als-scheinen.de\/?p=12#breadcrumb","itemListElement":[{"@type":"ListItem","position":1,"name":"Start","item":"https:\/\/mehr-sein-als-scheinen.de\/"},{"@type":"ListItem","position":2,"name":"Abitreffen 2007, Terminierung"}]},{"@type":"WebSite","@id":"https:\/\/mehr-sein-als-scheinen.de\/#website","url":"https:\/\/mehr-sein-als-scheinen.de\/","name":"Freiherr-vom-Stein-Schule Bochum","description":"Treffpunkt f\u00fcr alle Ehemaligen","publisher":{"@id":"https:\/\/mehr-sein-als-scheinen.de\/#organization"},"potentialAction":[{"@type":"SearchAction","target":{"@type":"EntryPoint","urlTemplate":"https:\/\/mehr-sein-als-scheinen.de\/?s={search_term_string}"},"query-input":{"@type":"PropertyValueSpecification","valueRequired":true,"valueName":"search_term_string"}}],"inLanguage":"de"},{"@type":"Organization","@id":"https:\/\/mehr-sein-als-scheinen.de\/#organization","name":"Freiherr-vom-Stein-Schule Bochum","url":"https:\/\/mehr-sein-als-scheinen.de\/","logo":{"@type":"ImageObject","inLanguage":"de","@id":"https:\/\/mehr-sein-als-scheinen.de\/#\/schema\/logo\/image\/","url":"https:\/\/mehr-sein-als-scheinen.de\/wp-content\/uploads\/2016\/09\/cropped-logo_fvs_575.png","contentUrl":"https:\/\/mehr-sein-als-scheinen.de\/wp-content\/uploads\/2016\/09\/cropped-logo_fvs_575.png","width":512,"height":512,"caption":"Freiherr-vom-Stein-Schule Bochum"},"image":{"@id":"https:\/\/mehr-sein-als-scheinen.de\/#\/schema\/logo\/image\/"}},{"@type":"Person","@id":"https:\/\/mehr-sein-als-scheinen.de\/#\/schema\/person\/69fbbc7ee024b7fe58779067fd3992ba","name":"MacStrass","image":{"@type":"ImageObject","inLanguage":"de","@id":"https:\/\/secure.gravatar.com\/avatar\/2d014238132ab830263be8955067cb600cac01646247a85a4f79a3ebf1d9fd11?s=96&d=mm&r=g","url":"https:\/\/secure.gravatar.com\/avatar\/2d014238132ab830263be8955067cb600cac01646247a85a4f79a3ebf1d9fd11?s=96&d=mm&r=g","contentUrl":"https:\/\/secure.gravatar.com\/avatar\/2d014238132ab830263be8955067cb600cac01646247a85a4f79a3ebf1d9fd11?s=96&d=mm&r=g","caption":"MacStrass"},"url":"https:\/\/mehr-sein-als-scheinen.de\/?author=3"}]}},"_links":{"self":[{"href":"https:\/\/mehr-sein-als-scheinen.de\/index.php?rest_route=\/wp\/v2\/posts\/12","targetHints":{"allow":["GET"]}}],"collection":[{"href":"https:\/\/mehr-sein-als-scheinen.de\/index.php?rest_route=\/wp\/v2\/posts"}],"about":[{"href":"https:\/\/mehr-sein-als-scheinen.de\/index.php?rest_route=\/wp\/v2\/types\/post"}],"author":[{"embeddable":true,"href":"https:\/\/mehr-sein-als-scheinen.de\/index.php?rest_route=\/wp\/v2\/users\/3"}],"replies":[{"embeddable":true,"href":"https:\/\/mehr-sein-als-scheinen.de\/index.php?rest_route=%2Fwp%2Fv2%2Fcomments&post=12"}],"version-history":[{"count":1,"href":"https:\/\/mehr-sein-als-scheinen.de\/index.php?rest_route=\/wp\/v2\/posts\/12\/revisions"}],"predecessor-version":[{"id":159,"href":"https:\/\/mehr-sein-als-scheinen.de\/index.php?rest_route=\/wp\/v2\/posts\/12\/revisions\/159"}],"wp:attachment":[{"href":"https:\/\/mehr-sein-als-scheinen.de\/index.php?rest_route=%2Fwp%2Fv2%2Fmedia&parent=12"}],"wp:term":[{"taxonomy":"category","embeddable":true,"href":"https:\/\/mehr-sein-als-scheinen.de\/index.php?rest_route=%2Fwp%2Fv2%2Fcategories&post=12"},{"taxonomy":"post_tag","embeddable":true,"href":"https:\/\/mehr-sein-als-scheinen.de\/index.php?rest_route=%2Fwp%2Fv2%2Ftags&post=12"}],"curies":[{"name":"wp","href":"https:\/\/api.w.org\/{rel}","templated":true}]}}